{"id":212255,"date":"2022-12-11T10:58:03","date_gmt":"2022-12-11T10:58:03","guid":{"rendered":"https:\/\/ami.mr\/fr\/?p=212255"},"modified":"2022-12-11T10:58:03","modified_gmt":"2022-12-11T10:58:03","slug":"au-nom-du-president-de-la-republique-le-wali-de-ladrar-presente-les-condoleances-a-la-famille-du-defunt-ely-ould-bakar","status":"publish","type":"post","link":"https:\/\/ami.mr\/fr\/archives\/212255","title":{"rendered":"Au nom du Pr\u00e9sident de la R\u00e9publique, le wali de l&#8217;Adrar pr\u00e9sente les condol\u00e9ances \u00e0 la famille du d\u00e9funt Ely Ould Bakar"},"content":{"rendered":"<p>Au nom de Son Excellence le Pr\u00e9sident de la R\u00e9publique, le wali de l\u2019Adrar, M. Abdallahi Ould Mohamed Mahmoud, a pr\u00e9sent\u00e9, samedi, au village de Trara Bakarart, les condol\u00e9ances \u00e0 la famille du d\u00e9funt Ely Ould Cheikh Ould Bakar.<\/p>\n<p>Le wali a exprim\u00e9 \u00e0 la famille du d\u00e9funt ses sinc\u00e8res condol\u00e9ances suite au d\u00e9c\u00e8s de cette importante personnalit\u00e9, implorant Allah Le Tout-Puissant de le couvrir de sa large mis\u00e9ricorde, de l&#8217;accueillir dans son vaste Paradis et d\u2019inspirer patience et consolation \u00e0 sa famille. Inna lilah we inna ileyhi rajioun.<\/p>\n<p>A son tour, Cheikh Ould Bakkar, porte-parole de la famille, a appr\u00e9ci\u00e9 ce geste bienfaisant de Son Excellence le Pr\u00e9sident de la R\u00e9publique, soulignant que c\u2019est la preuve irr\u00e9futable de sa proximit\u00e9 avec les citoyens et de son grand souci pour le suivi des conditions des populations.<\/p>\n<p>La pr\u00e9sentation des condol\u00e9ances a eu lieu en pr\u00e9sence du hakem de la moughataa d\u2019Aoujeft, du maire de la commune d&#8217;El Meddah et de repr\u00e9sentants des autorit\u00e9s s\u00e9curitaires dans la wilaya.<\/p>\n","protected":false},"excerpt":{"rendered":"<p>Au nom de Son Excellence le Pr\u00e9sident de la R\u00e9publique, le wali de l\u2019Adrar, M. Abdallahi Ould Mohamed Mahmoud, a pr\u00e9sent\u00e9, samedi, au village de Trara Bakarart, les condol\u00e9ances \u00e0 la famille du d\u00e9funt Ely Ould Cheikh Ould Bakar. Le wali a exprim\u00e9 \u00e0 la famille du d\u00e9funt ses sinc\u00e8res condol\u00e9ances suite au d\u00e9c\u00e8s de [&hellip;]<\/p>\n","protected":false},"author":5,"featured_media":212256,"comment_status":"open","ping_status":"open","sticky":false,"template":"","format":"standard","meta":{"footnotes":""},"categories":[63920,63957,63923,8672],"tags":[],"class_list":["post-212255","post","type-post","status-publish","format-standard","has-post-thumbnail","hentry","category-a-la-une","category-fil-dactualite","category-slider-wilayas","category-8672"],"_links":{"self":[{"href":"https:\/\/ami.mr\/fr\/wp-json\/wp\/v2\/posts\/212255","targetHints":{"allow":["GET"]}}],"collection":[{"href":"https:\/\/ami.mr\/fr\/wp-json\/wp\/v2\/posts"}],"about":[{"href":"https:\/\/ami.mr\/fr\/wp-json\/wp\/v2\/types\/post"}],"author":[{"embeddable":true,"href":"https:\/\/ami.mr\/fr\/wp-json\/wp\/v2\/users\/5"}],"replies":[{"embeddable":true,"href":"https:\/\/ami.mr\/fr\/wp-json\/wp\/v2\/comments?post=212255"}],"version-history":[{"count":1,"href":"https:\/\/ami.mr\/fr\/wp-json\/wp\/v2\/posts\/212255\/revisions"}],"predecessor-version":[{"id":212257,"href":"https:\/\/ami.mr\/fr\/wp-json\/wp\/v2\/posts\/212255\/revisions\/212257"}],"wp:featuredmedia":[{"embeddable":true,"href":"https:\/\/ami.mr\/fr\/wp-json\/wp\/v2\/media\/212256"}],"wp:attachment":[{"href":"https:\/\/ami.mr\/fr\/wp-json\/wp\/v2\/media?parent=212255"}],"wp:term":[{"taxonomy":"category","embeddable":true,"href":"https:\/\/ami.mr\/fr\/wp-json\/wp\/v2\/categories?post=212255"},{"taxonomy":"post_tag","embeddable":true,"href":"https:\/\/ami.mr\/fr\/wp-json\/wp\/v2\/tags?post=212255"}],"curies":[{"name":"wp","href":"https:\/\/api.w.org\/{rel}","templated":true}]}}