{"id":212227,"date":"2022-12-10T14:09:46","date_gmt":"2022-12-10T14:09:46","guid":{"rendered":"https:\/\/ami.mr\/fr\/?p=212227"},"modified":"2022-12-12T15:45:09","modified_gmt":"2022-12-12T15:45:09","slug":"inauguration-dinfrastructures-dans-la-ville-dadel-bakrou-et-pose-de-la-premiere-pierre-du-regroupement-de-baghla-au-hodh-echarghi","status":"publish","type":"post","link":"https:\/\/ami.mr\/fr\/archives\/212227","title":{"rendered":"Inauguration d\u2019infrastructures dans la ville d&#8217;Adel Bakrou et pose de la premi\u00e8re pierre du regroupement de Baghla au Hodh Echarghi"},"content":{"rendered":"<p>Le ministre de l&#8217;Habitat, de l&#8217;Urbanisme et de l&#8217;Am\u00e9nagement du Territoire, M. Sid\u2019Ahmed Ould Mohamed, en compagnie du wali du Hodh Echarghi, M. Isselmou Ould Sidi, a supervis\u00e9, vendredi soir, l&#8217;inauguration d\u2019installations d\u2019extension de la ville d&#8217;Adel Bagrou et la pose de la premi\u00e8re pierre du complexe r\u00e9sidentiel de Baghla, dans le cadre des activit\u00e9s comm\u00e9moratives du soixante-deuxi\u00e8me anniversaire de la f\u00eate de l&#8217;ind\u00e9pendance nationale.<\/p>\n<p>Ces \u00e9quipements comprennent la construction d&#8217;un complexe islamique, d&#8217;un coll\u00e8ge, d\u2019un lyc\u00e9e et d\u2019une \u00e9cole primaire, en plus de cinq r\u00e9sidences pour les fonctionnaires de l&#8217;\u00c9tat. Les installations de services \u00e0 Baghla comportent, elles aussi, la construction d&#8217;un poste de sant\u00e9, un march\u00e9 commercial et un autre pour le b\u00e9tail, ainsi que la construction d&#8217;un r\u00e9servoir d&#8217;eau d&#8217;une capacit\u00e9 de 150 m\u00e8tres cubes, de plusieurs fontaines et d\u2019un r\u00e9seau de conduites d&#8217;eau sous la supervision du g\u00e9nie militaire.<\/p>\n<p>Le choix de cette zone d\u2019habitation s\u2019est fait sur la base de sa situation g\u00e9ographique et de ses capacit\u00e9s \u00e9conomiques, en particulier la pr\u00e9sence du lac Baghla, qui alimente la ville d&#8217;Adel Bagrou en eau potable.<\/p>\n<p>La c\u00e9r\u00e9monie, organis\u00e9e en partenariat entre les minist\u00e8res de l\u2019habitat et des Finances, a vu la remise de lettres d&#8217;octroi de terrains (lots) \u00e0 des citoyens parmi les 5 200 b\u00e9n\u00e9ficiaires de la nouvelle extension.<\/p>\n<p>Dans une d\u00e9claration \u00e0 l\u2019AMI, le ministre a indiqu\u00e9 que la pose de la premi\u00e8re pierre de ces infrastructures fait suite \u00e0 une pr\u00e9c\u00e9dente visite qu&#8217;il avait effectu\u00e9e en mars dernier sous les instructions de Son Excellence le Pr\u00e9sident de la R\u00e9publique, M. Mohamed Ould Cheikh El Ghazouani en vue du renforcement des efforts de l\u2019Etat dans cette zone fronti\u00e8re dont l\u2019avenir est promoteur.<\/p>\n<p>Pour sa part, le coordonnateur du programme national du regroupement des communes relevant du minist\u00e8re, M. Zein El Abidine Ould El Bou, a indiqu\u00e9 que les travaux des infrastructures inaugur\u00e9es avaient commenc\u00e9 en 2021 et se sont termin\u00e9s dans des conditions acceptables, compte tenu d\u2019un contexte g\u00e9n\u00e9ral marqu\u00e9 par la pand\u00e9mie de la covid-19, en plus de l&#8217;enclavement de la zone pendant l\u2019hivernage.<\/p>\n<p>Il a ajout\u00e9 que tout sera mis en \u0153uvre pour achever les travaux techniques restants avant la livraison d\u00e9finitive de ces \u00e9quipements.<\/p>\n<p>Quant au maire de la commune d&#8217;Adel Bagrou, M. Jeyid Ould Moctar, il a salu\u00e9 l&#8217;ensemble de ces projets importants, soulignant que la nature et l&#8217;ampleur de ces interventions refl\u00e8tent l\u2019important int\u00e9r\u00eat qu&#8217;attache Son Excellence le Pr\u00e9sident de la R\u00e9publique aux habitants de la moughataa Adel Bagrou.<\/p>\n<p>Les inaugurations ont eu lieu en pr\u00e9sence du hakem de la moughataa d&#8217;Adel Bagrou et des autorit\u00e9s s\u00e9curitaires et militaires de la wilaya.<\/p>\n","protected":false},"excerpt":{"rendered":"<p>Le ministre de l&#8217;Habitat, de l&#8217;Urbanisme et de l&#8217;Am\u00e9nagement du Territoire, M. Sid\u2019Ahmed Ould Mohamed, en compagnie du wali du Hodh Echarghi, M. Isselmou Ould Sidi, a supervis\u00e9, vendredi soir, l&#8217;inauguration d\u2019installations d\u2019extension de la ville d&#8217;Adel Bagrou et la pose de la premi\u00e8re pierre du complexe r\u00e9sidentiel de Baghla, dans le cadre des activit\u00e9s [&hellip;]<\/p>\n","protected":false},"author":11,"featured_media":212228,"comment_status":"open","ping_status":"open","sticky":false,"template":"","format":"standard","meta":{"footnotes":""},"categories":[63920,63957,63923,8672],"tags":[],"class_list":["post-212227","post","type-post","status-publish","format-standard","has-post-thumbnail","hentry","category-a-la-une","category-fil-dactualite","category-slider-wilayas","category-8672"],"_links":{"self":[{"href":"https:\/\/ami.mr\/fr\/wp-json\/wp\/v2\/posts\/212227","targetHints":{"allow":["GET"]}}],"collection":[{"href":"https:\/\/ami.mr\/fr\/wp-json\/wp\/v2\/posts"}],"about":[{"href":"https:\/\/ami.mr\/fr\/wp-json\/wp\/v2\/types\/post"}],"author":[{"embeddable":true,"href":"https:\/\/ami.mr\/fr\/wp-json\/wp\/v2\/users\/11"}],"replies":[{"embeddable":true,"href":"https:\/\/ami.mr\/fr\/wp-json\/wp\/v2\/comments?post=212227"}],"version-history":[{"count":1,"href":"https:\/\/ami.mr\/fr\/wp-json\/wp\/v2\/posts\/212227\/revisions"}],"predecessor-version":[{"id":212229,"href":"https:\/\/ami.mr\/fr\/wp-json\/wp\/v2\/posts\/212227\/revisions\/212229"}],"wp:featuredmedia":[{"embeddable":true,"href":"https:\/\/ami.mr\/fr\/wp-json\/wp\/v2\/media\/212228"}],"wp:attachment":[{"href":"https:\/\/ami.mr\/fr\/wp-json\/wp\/v2\/media?parent=212227"}],"wp:term":[{"taxonomy":"category","embeddable":true,"href":"https:\/\/ami.mr\/fr\/wp-json\/wp\/v2\/categories?post=212227"},{"taxonomy":"post_tag","embeddable":true,"href":"https:\/\/ami.mr\/fr\/wp-json\/wp\/v2\/tags?post=212227"}],"curies":[{"name":"wp","href":"https:\/\/api.w.org\/{rel}","templated":true}]}}