{"id":211984,"date":"2022-12-08T17:02:24","date_gmt":"2022-12-08T17:02:24","guid":{"rendered":"https:\/\/ami.mr\/fr\/?p=211984"},"modified":"2022-12-12T13:04:35","modified_gmt":"2022-12-12T13:04:35","slug":"cloture-des-travaux-du-projet-faidop-mauritanie","status":"publish","type":"post","link":"https:\/\/ami.mr\/fr\/archives\/211984","title":{"rendered":"Cl\u00f4ture des travaux du projet FAIDOP MAURITANIE"},"content":{"rendered":"<p>Le ministre de l\u2019Emploi et de la Formation professionnelle, M. Niang Mamoudou, a supervis\u00e9, jeudi \u00e0 Nouakchott, la cl\u00f4ture de travaux du projet de formation, d\u2019accompagnement, d\u2019insertion dans le domaine portuaire.<\/p>\n<p>Le projet a dispens\u00e9 une formation au profit de 180 travailleurs dans des m\u00e9tiers portuaires (docker, agent de s\u00e9curit\u00e9, grutier, etc..), sur le Port de l\u2019Amiti\u00e9 pour r\u00e9pondre notamment au d\u00e9veloppement du port de Nouakchott et aider \u00e0 la restructuration du secteur portuaire mauritanien.<\/p>\n<p>Dans le mot qu\u2019il a prononc\u00e9 pour la circonstance, M. le ministre a indiqu\u00e9 que, conform\u00e9ment aux instructions du Pr\u00e9sident de la R\u00e9publique Son Excellence Monsieur Mohamed Ould Cheikh El Ghazouani, son d\u00e9partement met en \u0153uvre des programmes d\u2019insertion, d\u2019emploi et d\u2019auto-emploi en faveur d\u2019une population comprise dans la frange d\u2019\u00e2ge de 20 \u00e0 55 ans, dont 30% sont des femmes.<\/p>\n<p>Cette politique a permis, durant la p\u00e9riode 2020-2022, d\u2019ins\u00e9rer 7000 personnes \u00e0 travers l\u2019auto-emploi pour une enveloppe de 60 milliards d\u2019ouguiyas, en plus de 6000 autres emplois qui seront cr\u00e9es dans le cadres de la 3\u00e8me \u00e9dition de \u2018\u2019Mechoroui Moustaghbeli.\u2019\u2019<\/p>\n<p>Il a, en outre, salu\u00e9 le partenariat strat\u00e9gique existant entre son d\u00e9partement et la Chambre de Commerce, qui a permis aux entrepreneurs b\u00e9n\u00e9ficiaires du Programme de financement \u2018\u2019Mechoroui Moustaghbeli\u2018\u2019 de participer aux formations offertes par le Projet FAIDOP, dans le domaine de l\u2019entreprenariat (gestion d\u2019entreprises, d\u00e9veloppement d\u2019un plan d\u2019affaires d\u00e9taill\u00e9, techniques comptables, marketing, etc..).<\/p>\n<p>Le ministre a constat\u00e9 avec satisfaction que le projet a permis d\u2019enregistrer de bons r\u00e9sultats, dont la formation de 295 jeunes, dont 260 devront s\u2019ins\u00e9rer sur le march\u00e9 du travail, en de 150 form\u00e9s dans le domaine de l\u2019entreprenariat.<\/p>\n<p>De son c\u00f4t\u00e9 le directeur de la Chambre de Commerce, Ahmed Baba Ould Aleya, a indiqu\u00e9 que le Projet de formation et d\u2019accompagnement portuaires a consacr\u00e9 la volont\u00e9 de la Chambre \u00e0 contribuer \u00e0 l\u2019ex\u00e9cution de la politique nationale en mati\u00e8re de formation technique et professionnelle gr\u00e2ce \u00e0 sa place strat\u00e9gique sur l\u2019\u00e9chiquier des entreprises mauritaniennes.<\/p>\n<p>Le repr\u00e9sentant de la Chambre de Commerce de Marseille a dit l\u2019importance de ce projet visant \u00e0 assurer la formation dans le domaine portuaire.<\/p>\n<p>&nbsp;<\/p>\n","protected":false},"excerpt":{"rendered":"<p>Le ministre de l\u2019Emploi et de la Formation professionnelle, M. Niang Mamoudou, a supervis\u00e9, jeudi \u00e0 Nouakchott, la cl\u00f4ture de travaux du projet de formation, d\u2019accompagnement, d\u2019insertion dans le domaine portuaire. Le projet a dispens\u00e9 une formation au profit de 180 travailleurs dans des m\u00e9tiers portuaires (docker, agent de s\u00e9curit\u00e9, grutier, etc..), sur le Port [&hellip;]<\/p>\n","protected":false},"author":13,"featured_media":211985,"comment_status":"open","ping_status":"open","sticky":false,"template":"","format":"standard","meta":{"footnotes":""},"categories":[63920,63919,9,63957,63922],"tags":[],"class_list":["post-211984","post","type-post","status-publish","format-standard","has-post-thumbnail","hentry","category-a-la-une","category-choix-du-redacteur","category-9","category-fil-dactualite","category-slider-economie"],"_links":{"self":[{"href":"https:\/\/ami.mr\/fr\/wp-json\/wp\/v2\/posts\/211984","targetHints":{"allow":["GET"]}}],"collection":[{"href":"https:\/\/ami.mr\/fr\/wp-json\/wp\/v2\/posts"}],"about":[{"href":"https:\/\/ami.mr\/fr\/wp-json\/wp\/v2\/types\/post"}],"author":[{"embeddable":true,"href":"https:\/\/ami.mr\/fr\/wp-json\/wp\/v2\/users\/13"}],"replies":[{"embeddable":true,"href":"https:\/\/ami.mr\/fr\/wp-json\/wp\/v2\/comments?post=211984"}],"version-history":[{"count":1,"href":"https:\/\/ami.mr\/fr\/wp-json\/wp\/v2\/posts\/211984\/revisions"}],"predecessor-version":[{"id":211986,"href":"https:\/\/ami.mr\/fr\/wp-json\/wp\/v2\/posts\/211984\/revisions\/211986"}],"wp:featuredmedia":[{"embeddable":true,"href":"https:\/\/ami.mr\/fr\/wp-json\/wp\/v2\/media\/211985"}],"wp:attachment":[{"href":"https:\/\/ami.mr\/fr\/wp-json\/wp\/v2\/media?parent=211984"}],"wp:term":[{"taxonomy":"category","embeddable":true,"href":"https:\/\/ami.mr\/fr\/wp-json\/wp\/v2\/categories?post=211984"},{"taxonomy":"post_tag","embeddable":true,"href":"https:\/\/ami.mr\/fr\/wp-json\/wp\/v2\/tags?post=211984"}],"curies":[{"name":"wp","href":"https:\/\/api.w.org\/{rel}","templated":true}]}}