{"id":211767,"date":"2022-12-05T21:06:29","date_gmt":"2022-12-05T21:06:29","guid":{"rendered":"https:\/\/ami.mr\/fr\/?p=211767"},"modified":"2022-12-06T16:01:51","modified_gmt":"2022-12-06T16:01:51","slug":"le-president-de-la-republique-regagne-nouakchott-en-provenance-de-la-wilaya-du-gorgol","status":"publish","type":"post","link":"https:\/\/ami.mr\/fr\/archives\/211767","title":{"rendered":"Le Pr\u00e9sident de la R\u00e9publique regagne Nouakchott en provenance de la wilaya du Gorgol"},"content":{"rendered":"<div class=\"row\">\n<div class=\"cell auto-size bd-gray\" dir=\"ltr\"><\/div>\n<\/div>\n<div class=\"row\">\n<div class=\"cell auto-size\">\n<div class=\"set-border bd-gray padding10 margin10 no-margin-right no-margin-left \" dir=\"ltr\">\n<p>Son Excellence le Pr\u00e9sident de la R\u00e9publique, M. Mohamed Ould Cheikh El-Ghazouani, a regagn\u00e9 Nouakchott lundi soir apr\u00e8s avoir effectu\u00e9 une visite de travail dans la wilaya du Gorgol, au cours de laquelle il a supervis\u00e9 la pose de la premi\u00e8re pierre d&#8217;un certain nombre d&#8217;importants projets de services \u00e0 Ka\u00e9di et Foum-Gleita.<\/p>\n<p>Le pr\u00e9sident de la R\u00e9publique a \u00e9t\u00e9 re\u00e7u \u00e0 l&#8217;a\u00e9roport international de Nouakchott, Oum-Tounsi, par le Premier ministre, M. Mohamed Ould Bilal Messaoud, le ministre conseiller \u00e0 la pr\u00e9sidence de la R\u00e9publique, un certain nombre de membres du le gouvernement, le Commandant de l&#8217;Etat-Major Sp\u00e9cial du Pr\u00e9sident de la R\u00e9publique, le directeur adjoint du Cabinet du Pr\u00e9sident de la R\u00e9publique, le wali de Nouakchott Ouest et la Pr\u00e9sidente de la R\u00e9gion de Nouakchott.<\/p>\n<p>Son Excellence le Pr\u00e9sident de la R\u00e9publique \u00e9tait accompagn\u00e9 d&#8217;une importante d\u00e9l\u00e9gation qui comprenait :<\/p>\n<p>&#8211; M. Moulaye Ould Mohamed Laghdaf, ministre secr\u00e9taire g\u00e9n\u00e9ral de la Pr\u00e9sidence de la R\u00e9publique ;<\/p>\n<p>&#8211; Mme Koumba Ba, ministre conseill\u00e8re \u00e0 la Pr\u00e9sidence de la R\u00e9publique ;<\/p>\n<p>&#8211; M. Sidi Mohamed Ould Taleb Amar, ministre de l&#8217;Hydraulique et de l&#8217;Assainissement ;<\/p>\n<p>&#8211; M. Mohamed Ali Ould Sidi Mohamed, d\u00e9l\u00e9gu\u00e9 g\u00e9n\u00e9ral \u00e0 la solidarit\u00e9 nationale et \u00e0 la lutte contre l&#8217;exclusion \u00ab Taazour \u00bb ;<\/p>\n<p>&#8211; M. Isma\u00ebl Ould Cheikh Ahmed, directeur de Cabinet du Pr\u00e9sident de la R\u00e9publique ;<\/p>\n<p>&#8211; M. Sidi Mohamed Ould Ghaber, conseiller \u00e0 la Pr\u00e9sidence de la R\u00e9publique ;<\/p>\n<p>&#8211; Mme A\u00efssata Daouda Diallo, conseill\u00e8re \u00e0 la Pr\u00e9sidence de la R\u00e9publique ;<\/p>\n<p>&#8211; M. El Hacen Ould Ahmed, directeur g\u00e9n\u00e9ral du Protocole d&#8217;Etat ;<\/p>\n<\/div>\n<\/div>\n<\/div>\n","protected":false},"excerpt":{"rendered":"<p>Son Excellence le Pr\u00e9sident de la R\u00e9publique, M. Mohamed Ould Cheikh El-Ghazouani, a regagn\u00e9 Nouakchott lundi soir apr\u00e8s avoir effectu\u00e9 une visite de travail dans la wilaya du Gorgol, au cours de laquelle il a supervis\u00e9 la pose de la premi\u00e8re pierre d&#8217;un certain nombre d&#8217;importants projets de services \u00e0 Ka\u00e9di et Foum-Gleita. Le pr\u00e9sident [&hellip;]<\/p>\n","protected":false},"author":8,"featured_media":211768,"comment_status":"open","ping_status":"open","sticky":false,"template":"","format":"standard","meta":{"footnotes":""},"categories":[63919,63957,63921,63927],"tags":[63990],"class_list":["post-211767","post","type-post","status-publish","format-standard","has-post-thumbnail","hentry","category-choix-du-redacteur","category-fil-dactualite","category-slider-afficher","category-slider-mauritanie","tag-activites-gouvernementales"],"_links":{"self":[{"href":"https:\/\/ami.mr\/fr\/wp-json\/wp\/v2\/posts\/211767","targetHints":{"allow":["GET"]}}],"collection":[{"href":"https:\/\/ami.mr\/fr\/wp-json\/wp\/v2\/posts"}],"about":[{"href":"https:\/\/ami.mr\/fr\/wp-json\/wp\/v2\/types\/post"}],"author":[{"embeddable":true,"href":"https:\/\/ami.mr\/fr\/wp-json\/wp\/v2\/users\/8"}],"replies":[{"embeddable":true,"href":"https:\/\/ami.mr\/fr\/wp-json\/wp\/v2\/comments?post=211767"}],"version-history":[{"count":1,"href":"https:\/\/ami.mr\/fr\/wp-json\/wp\/v2\/posts\/211767\/revisions"}],"predecessor-version":[{"id":211769,"href":"https:\/\/ami.mr\/fr\/wp-json\/wp\/v2\/posts\/211767\/revisions\/211769"}],"wp:featuredmedia":[{"embeddable":true,"href":"https:\/\/ami.mr\/fr\/wp-json\/wp\/v2\/media\/211768"}],"wp:attachment":[{"href":"https:\/\/ami.mr\/fr\/wp-json\/wp\/v2\/media?parent=211767"}],"wp:term":[{"taxonomy":"category","embeddable":true,"href":"https:\/\/ami.mr\/fr\/wp-json\/wp\/v2\/categories?post=211767"},{"taxonomy":"post_tag","embeddable":true,"href":"https:\/\/ami.mr\/fr\/wp-json\/wp\/v2\/tags?post=211767"}],"curies":[{"name":"wp","href":"https:\/\/api.w.org\/{rel}","templated":true}]}}