{"id":211048,"date":"2022-11-25T22:09:20","date_gmt":"2022-11-25T22:09:20","guid":{"rendered":"https:\/\/ami.mr\/fr\/?p=211048"},"modified":"2022-11-25T22:09:20","modified_gmt":"2022-11-25T22:09:20","slug":"nema-le-ministre-des-peches-pose-la-1ere-pierre-de-la-construction-de-centres-de-peche-continentale-dans-trois-wilayas","status":"publish","type":"post","link":"https:\/\/ami.mr\/fr\/archives\/211048","title":{"rendered":"N\u00e9ma : Le ministre des P\u00eaches pose la 1\u00e8re pierre de la construction de centres de p\u00eache continentale dans trois wilayas"},"content":{"rendered":"<div class=\"cell auto-size\">\n<div class=\"set-border bd-gray padding10 margin10 no-margin-right no-margin-left \" dir=\"ltr\">\n<p>Son Excellence le ministre des P\u00eaches et de l\u2019\u00c9conomie maritime, a supervis\u00e9 vendredi, dans la ville de N\u00e9ma la pose de la premi\u00e8re pierre pour la construction simultan\u00e9e des centres continentaux de p\u00eache et d\u2019aquaculture dans le Hodh Charghi, l\u2019Assaba et le Brakna dans le cadre du 62e anniversaire de l\u2019ind\u00e9pendance nationale.<\/p>\n<p>La construction de ces centres vise \u00e0 d\u00e9velopper la p\u00eache continentale, \u00e0 valoriser le potentiel de la p\u00eache, \u00e0 lutter contre la pauvret\u00e9, \u00e0 cr\u00e9er des emplois et \u00e0 r\u00e9duire la migration vers les villes.<\/p>\n<p>Chaque centre dispose d\u2019un b\u00e2timent administratif avec bureaux, une salle de r\u00e9union, un laboratoire, un caf\u00e9 et un entrep\u00f4t, une maison d\u2019h\u00f4tes de trois pi\u00e8ces, un salon, une cuisine et une r\u00e9sidence de gardien, ainsi qu\u2019un 5 de bassins pour la pisciculture avec une couverture financi\u00e8re de 24.703.984 nouvelles ouguiyas aux frais de l\u2019\u00c9tat, \u00e0 compl\u00e9ter dans les huit mois.<\/p>\n<p>Dans une d\u00e9claration pour la circonstance, le directeur de la P\u00eache continentale et de l\u2019aquaculture au minist\u00e8re des P\u00eaches et de l\u2019Economie maritime, M. Brahim Ould Khattri, a expliqu\u00e9 que la construction de ces centres visait le d\u00e9veloppement de tous les plans d\u2019eau pour la p\u00eache continentale, la cr\u00e9ation de piscicultures pour valoriser les capacit\u00e9s de la p\u00eache dans ces zones, la stabilisation de la population dans leurs terroir et la lutte contre la pauvret\u00e9 et la malnutrition.<\/p>\n<p>A son tour, M. Sidi Mohamed Ould Mohamed, maire de la ville de N\u00e9m, a rendu hommage aux autorit\u00e9s publiques pour le d\u00e9veloppement de la p\u00eache continentale.<\/p>\n<p>Le ministre des P\u00eaches et de l\u2019\u00c9conomie maritime, ainsi que les autorit\u00e9s administratives et les dirigeants \u00e9lus, ont visit\u00e9 l\u2019\u00e9cole de Chouvia No. 1 et s\u2019est enquis des progr\u00e8s r\u00e9alis\u00e9s en son sein.<\/p>\n<p>Le ministre a \u00e9galement visit\u00e9 les points de vente de poisson \u00e0 rabais de la ville de N\u00e9ma et le si\u00e8ge social de la Soci\u00e9t\u00e9 de Distribution du poisson.<\/p>\n<p>Au cours de cette tourn\u00e9e, le ministre \u00e9tait accompagn\u00e9 du directeur de cabinet du wali du Hodh Charghi, M. Abderrahmane Ould Ahmed Dedde, des \u00e9lus et des autorit\u00e9s administratives, s\u00e9curitaires de la wilaya.<\/p>\n<\/div>\n<\/div>\n","protected":false},"excerpt":{"rendered":"<p>Son Excellence le ministre des P\u00eaches et de l\u2019\u00c9conomie maritime, a supervis\u00e9 vendredi, dans la ville de N\u00e9ma la pose de la premi\u00e8re pierre pour la construction simultan\u00e9e des centres continentaux de p\u00eache et d\u2019aquaculture dans le Hodh Charghi, l\u2019Assaba et le Brakna dans le cadre du 62e anniversaire de l\u2019ind\u00e9pendance nationale. La construction de [&hellip;]<\/p>\n","protected":false},"author":13,"featured_media":211049,"comment_status":"open","ping_status":"open","sticky":false,"template":"","format":"standard","meta":{"footnotes":""},"categories":[63920,63919,63957,63959,63927],"tags":[],"class_list":["post-211048","post","type-post","status-publish","format-standard","has-post-thumbnail","hentry","category-a-la-une","category-choix-du-redacteur","category-fil-dactualite","category-mauritanie","category-slider-mauritanie"],"_links":{"self":[{"href":"https:\/\/ami.mr\/fr\/wp-json\/wp\/v2\/posts\/211048","targetHints":{"allow":["GET"]}}],"collection":[{"href":"https:\/\/ami.mr\/fr\/wp-json\/wp\/v2\/posts"}],"about":[{"href":"https:\/\/ami.mr\/fr\/wp-json\/wp\/v2\/types\/post"}],"author":[{"embeddable":true,"href":"https:\/\/ami.mr\/fr\/wp-json\/wp\/v2\/users\/13"}],"replies":[{"embeddable":true,"href":"https:\/\/ami.mr\/fr\/wp-json\/wp\/v2\/comments?post=211048"}],"version-history":[{"count":1,"href":"https:\/\/ami.mr\/fr\/wp-json\/wp\/v2\/posts\/211048\/revisions"}],"predecessor-version":[{"id":211050,"href":"https:\/\/ami.mr\/fr\/wp-json\/wp\/v2\/posts\/211048\/revisions\/211050"}],"wp:featuredmedia":[{"embeddable":true,"href":"https:\/\/ami.mr\/fr\/wp-json\/wp\/v2\/media\/211049"}],"wp:attachment":[{"href":"https:\/\/ami.mr\/fr\/wp-json\/wp\/v2\/media?parent=211048"}],"wp:term":[{"taxonomy":"category","embeddable":true,"href":"https:\/\/ami.mr\/fr\/wp-json\/wp\/v2\/categories?post=211048"},{"taxonomy":"post_tag","embeddable":true,"href":"https:\/\/ami.mr\/fr\/wp-json\/wp\/v2\/tags?post=211048"}],"curies":[{"name":"wp","href":"https:\/\/api.w.org\/{rel}","templated":true}]}}