{"id":210895,"date":"2022-11-23T21:16:15","date_gmt":"2022-11-23T21:16:15","guid":{"rendered":"https:\/\/ami.mr\/fr\/?p=210895"},"modified":"2022-11-23T21:16:15","modified_gmt":"2022-11-23T21:16:15","slug":"cloture-de-la-6eme-edition-de-la-conference-mauritanides-sur-les-mines-et-lenergie","status":"publish","type":"post","link":"https:\/\/ami.mr\/fr\/archives\/210895","title":{"rendered":"Cl\u00f4ture de la 6\u00e8me \u00e9dition de la Conf\u00e9rence Mauritanides sur les mines et l&#8217;\u00e9nergie"},"content":{"rendered":"<p>La sixi\u00e8me \u00e9dition de la conf\u00e9rence et exposition Mauritanides les mines et l\u2019\u00e9nergie en Mauritanie, s\u2019est achev\u00e9e mercredi soir au Centre international de Conf\u00e9rences de Nouakchott, \u00ab Mourabitounes \u00bb.<\/p>\n<p>Durant la conf\u00e9rence, de nombreuses pr\u00e9sentations ont \u00e9t\u00e9 faites dans le domaine de la transparence dans les industries extractives et sur le climat des investissements dans le secteur p\u00e9trolier et minier en Mauritanie. Les expos\u00e9s ont \u00e9galement port\u00e9 sur le financement de projets dans les secteurs des hydrocarbures et de l\u2019\u00e9nergie en Mauritanie ainsi que les opportunit\u00e9s d\u2019investissement, entre autres.<img decoding=\"async\" class=\"size-medium wp-image-210897 alignleft\" src=\"https:\/\/ami.mr\/fr\/wp-content\/uploads\/2022\/11\/13-300x200.jpg\" alt=\"\" width=\"300\" height=\"200\" srcset=\"https:\/\/ami.mr\/fr\/wp-content\/uploads\/2022\/11\/13-300x200.jpg 300w, https:\/\/ami.mr\/fr\/wp-content\/uploads\/2022\/11\/13-1024x683.jpg 1024w, https:\/\/ami.mr\/fr\/wp-content\/uploads\/2022\/11\/13-768x512.jpg 768w, https:\/\/ami.mr\/fr\/wp-content\/uploads\/2022\/11\/13-1536x1024.jpg 1536w, https:\/\/ami.mr\/fr\/wp-content\/uploads\/2022\/11\/13-2048x1365.jpg 2048w\" sizes=\"(max-width: 300px) 100vw, 300px\" \/><\/p>\n<p>La c\u00e9r\u00e9monie de cl\u00f4ture a \u00e9t\u00e9 supervis\u00e9e par le ministre du P\u00e9trole, de l\u2019Energie et des Mines, M. Abdessalem Ould Mohamed Salah qui, dans un discours prononc\u00e9 \u00e0 cette occasion, a indiqu\u00e9 que la conf\u00e9rence s\u2019est distingu\u00e9e par la participation d\u2019importantes soci\u00e9t\u00e9s internationales actives dans les domaines des mines, du gaz et du p\u00e9trole.<\/p>\n<p>Le ministre a salu\u00e9 les interventions et la qualit\u00e9 des d\u00e9bats durant la conf\u00e9rence, notamment en ce qui concerne les potentialit\u00e9s du pays en ressources \u00e9nerg\u00e9tiques et mini\u00e8res, le climat des affaires et les conditions optimales qui caract\u00e9risent le march\u00e9 de l\u2019investissement en Mauritanie.<\/p>\n<p>Il a ajout\u00e9 que le Pr\u00e9sident de la R\u00e9publique, Son Excellence Monsieur Mohamed Ould Cheikh El-Ghazouani a supervis\u00e9 le lancement des travaux de la conf\u00e9rence, ce qui constitue une forte impulsion et t\u00e9moigne de la cr\u00e9dibilit\u00e9 et l&#8217;engagement du gouvernement dans la r\u00e9ussite de cet \u00e9v\u00e9nement.<\/p>\n<p>En marge de la conf\u00e9rence, le ministre du P\u00e9trole, des Mines et de l&#8217;Energie, et le ministre des Affaires Economiques et de la Promotion des Secteurs Productifs, M. Ousmane Mamoudou Kane; accompagn\u00e9s de l&#8217;Administrateur Directeur G\u00e9n\u00e9ral de la SNIM, M. Mohamed Vall Tleimidi , et le pr\u00e9sident du patronat mauritanien, M. Zein El Abidine Ould Cheikh Ahmed, ont effectu\u00e9 une visite \u00e0 l&#8217;exposition organis\u00e9e \u00e0 l\u2019intention de capitaines d\u2019industries p\u00e9troli\u00e8res et mini\u00e8res afin de cr\u00e9er un cadre d\u2019\u00e9change, de partage et de collaboration.<\/p>\n","protected":false},"excerpt":{"rendered":"<p>La sixi\u00e8me \u00e9dition de la conf\u00e9rence et exposition Mauritanides les mines et l\u2019\u00e9nergie en Mauritanie, s\u2019est achev\u00e9e mercredi soir au Centre international de Conf\u00e9rences de Nouakchott, \u00ab Mourabitounes \u00bb. Durant la conf\u00e9rence, de nombreuses pr\u00e9sentations ont \u00e9t\u00e9 faites dans le domaine de la transparence dans les industries extractives et sur le climat des investissements dans [&hellip;]<\/p>\n","protected":false},"author":18,"featured_media":210896,"comment_status":"open","ping_status":"open","sticky":false,"template":"","format":"standard","meta":{"footnotes":""},"categories":[63920,63919,63957],"tags":[],"class_list":["post-210895","post","type-post","status-publish","format-standard","has-post-thumbnail","hentry","category-a-la-une","category-choix-du-redacteur","category-fil-dactualite"],"_links":{"self":[{"href":"https:\/\/ami.mr\/fr\/wp-json\/wp\/v2\/posts\/210895","targetHints":{"allow":["GET"]}}],"collection":[{"href":"https:\/\/ami.mr\/fr\/wp-json\/wp\/v2\/posts"}],"about":[{"href":"https:\/\/ami.mr\/fr\/wp-json\/wp\/v2\/types\/post"}],"author":[{"embeddable":true,"href":"https:\/\/ami.mr\/fr\/wp-json\/wp\/v2\/users\/18"}],"replies":[{"embeddable":true,"href":"https:\/\/ami.mr\/fr\/wp-json\/wp\/v2\/comments?post=210895"}],"version-history":[{"count":1,"href":"https:\/\/ami.mr\/fr\/wp-json\/wp\/v2\/posts\/210895\/revisions"}],"predecessor-version":[{"id":210898,"href":"https:\/\/ami.mr\/fr\/wp-json\/wp\/v2\/posts\/210895\/revisions\/210898"}],"wp:featuredmedia":[{"embeddable":true,"href":"https:\/\/ami.mr\/fr\/wp-json\/wp\/v2\/media\/210896"}],"wp:attachment":[{"href":"https:\/\/ami.mr\/fr\/wp-json\/wp\/v2\/media?parent=210895"}],"wp:term":[{"taxonomy":"category","embeddable":true,"href":"https:\/\/ami.mr\/fr\/wp-json\/wp\/v2\/categories?post=210895"},{"taxonomy":"post_tag","embeddable":true,"href":"https:\/\/ami.mr\/fr\/wp-json\/wp\/v2\/tags?post=210895"}],"curies":[{"name":"wp","href":"https:\/\/api.w.org\/{rel}","templated":true}]}}