{"id":210892,"date":"2022-11-23T20:23:23","date_gmt":"2022-11-23T20:23:23","guid":{"rendered":"https:\/\/ami.mr\/fr\/?p=210892"},"modified":"2022-11-23T20:23:23","modified_gmt":"2022-11-23T20:23:23","slug":"le-ministre-de-la-defense-nationale-recoit-une-delegation-militaire-saoudienne-2","status":"publish","type":"post","link":"https:\/\/ami.mr\/fr\/archives\/210892","title":{"rendered":"Le ministre de la D\u00e9fense nationale re\u00e7oit une d\u00e9l\u00e9gation militaire saoudienne"},"content":{"rendered":"<div class=\"row\">\n<div class=\"cell auto-size bd-gray\" dir=\"ltr\"><\/div>\n<\/div>\n<div class=\"row\">\n<div class=\"cell auto-size\">\n<div class=\"set-border bd-gray padding10 margin10 no-margin-right no-margin-left \" dir=\"ltr\">\n<p>Le ministre de la D\u00e9fense nationale, M. Hanenna Ould Sidi, a re\u00e7u mercredi, dans son bureau \u00e0 Nouakchott, une d\u00e9l\u00e9gation de la Direction de la Coop\u00e9ration internationale de l\u2019\u00c9tat-major g\u00e9n\u00e9ral du Royaume d&#8217;Arabie saoudite, conduite par son directeur, le G\u00e9n\u00e9ral de brigade Youssef Tasane.<\/p>\n<p>L&#8217;entretien a port\u00e9 sur les relations de coop\u00e9ration entre les deux pays fr\u00e8res et les moyens de les renforcer, notamment dans les domaines de comp\u00e9tence du minist\u00e8re de la D\u00e9fense nationale.<\/p>\n<p>La rencontre s&#8217;est d\u00e9roul\u00e9e en pr\u00e9sence du secr\u00e9taire g\u00e9n\u00e9ral du Minist\u00e8re de la D\u00e9fense nationale, le g\u00e9n\u00e9ral de brigade Souleimane Ould Ahmed Ould Abouda, du directeur de la Direction centrale du Mat\u00e9riel au Commandement de l\u2019\u00e9tat-major g\u00e9n\u00e9ral des Arm\u00e9es, le g\u00e9n\u00e9ral de brigade Mohamed Val Ra\u00efs, et des repr\u00e9sentants des d\u00e9l\u00e9gations permanentes du G5-Sahel \u00e0 Nouakchott, au Tchad, au Burkina Faso et au Niger.<\/p>\n<\/div>\n<\/div>\n<\/div>\n","protected":false},"excerpt":{"rendered":"<p>Le ministre de la D\u00e9fense nationale, M. Hanenna Ould Sidi, a re\u00e7u mercredi, dans son bureau \u00e0 Nouakchott, une d\u00e9l\u00e9gation de la Direction de la Coop\u00e9ration internationale de l\u2019\u00c9tat-major g\u00e9n\u00e9ral du Royaume d&#8217;Arabie saoudite, conduite par son directeur, le G\u00e9n\u00e9ral de brigade Youssef Tasane. L&#8217;entretien a port\u00e9 sur les relations de coop\u00e9ration entre les deux [&hellip;]<\/p>\n","protected":false},"author":18,"featured_media":210893,"comment_status":"open","ping_status":"open","sticky":false,"template":"","format":"standard","meta":{"footnotes":""},"categories":[63920,63919,63957],"tags":[],"class_list":["post-210892","post","type-post","status-publish","format-standard","has-post-thumbnail","hentry","category-a-la-une","category-choix-du-redacteur","category-fil-dactualite"],"_links":{"self":[{"href":"https:\/\/ami.mr\/fr\/wp-json\/wp\/v2\/posts\/210892","targetHints":{"allow":["GET"]}}],"collection":[{"href":"https:\/\/ami.mr\/fr\/wp-json\/wp\/v2\/posts"}],"about":[{"href":"https:\/\/ami.mr\/fr\/wp-json\/wp\/v2\/types\/post"}],"author":[{"embeddable":true,"href":"https:\/\/ami.mr\/fr\/wp-json\/wp\/v2\/users\/18"}],"replies":[{"embeddable":true,"href":"https:\/\/ami.mr\/fr\/wp-json\/wp\/v2\/comments?post=210892"}],"version-history":[{"count":1,"href":"https:\/\/ami.mr\/fr\/wp-json\/wp\/v2\/posts\/210892\/revisions"}],"predecessor-version":[{"id":210894,"href":"https:\/\/ami.mr\/fr\/wp-json\/wp\/v2\/posts\/210892\/revisions\/210894"}],"wp:featuredmedia":[{"embeddable":true,"href":"https:\/\/ami.mr\/fr\/wp-json\/wp\/v2\/media\/210893"}],"wp:attachment":[{"href":"https:\/\/ami.mr\/fr\/wp-json\/wp\/v2\/media?parent=210892"}],"wp:term":[{"taxonomy":"category","embeddable":true,"href":"https:\/\/ami.mr\/fr\/wp-json\/wp\/v2\/categories?post=210892"},{"taxonomy":"post_tag","embeddable":true,"href":"https:\/\/ami.mr\/fr\/wp-json\/wp\/v2\/tags?post=210892"}],"curies":[{"name":"wp","href":"https:\/\/api.w.org\/{rel}","templated":true}]}}