{"id":210780,"date":"2022-11-22T17:24:00","date_gmt":"2022-11-22T17:24:00","guid":{"rendered":"https:\/\/ami.mr\/fr\/?p=210780"},"modified":"2022-11-23T13:28:52","modified_gmt":"2022-11-23T13:28:52","slug":"le-wali-de-dakhlet-nouadhibou-visite-lecole-9","status":"publish","type":"post","link":"https:\/\/ami.mr\/fr\/archives\/210780","title":{"rendered":"Le wali de Dakhlet \u2013 Nouadhibou visite l\u2019\u00e9cole 9"},"content":{"rendered":"<p>Le wali de Dakhlet-nouadhibou, M. Yahya Ould Cheikh Mohamed Vall, a visit\u00e9, mardi, l\u2019\u00e9cole 9 dans la ville o\u00f9 il assist\u00e9 \u00e0 la lev\u00e9e du drapeau national et \u00e9cout\u00e9 l\u2019hymne national chant\u00e9 par les \u00e9coliers, avant de faire le point avec le directeur r\u00e9gional de l\u2019\u00e9ducation et autres responsables, des principaux obstacles pos\u00e9s \u00e0 cet \u00e9tablissement.<\/p>\n<p>L\u2019objectif de la visite vise \u00e0 s\u2019informer de pr\u00e8s de la situation de l\u2019\u00e9ducation, la pierre angulaire de tout d\u00e9veloppement humain, tout en insistant sur l\u2019importance de l\u2019\u00e9cole r\u00e9publicaine dans la pr\u00e9servation de la coh\u00e9sion sociale.<\/p>\n<p>Le wali \u00e9tait accompagn\u00e9, au cours de la visite, du hakem de Nouadhibou, M. Sid\u2019Ahmed Ould Houeibib, de son conseiller charg\u00e9 des affaires \u00e9conomiques et du d\u00e9veloppement local, M. Cheikh Sid\u2019Ahmed Ould Mohamed Abdellahi, de l\u2019adjoint au maire de la ville, M. Abderrahmane Ould Ahmed Vall et des chefs des corps militaires et s\u00e9curitaires dans la Wilaya.<\/p>\n<p>D\u2019autre part, dans le cadre des activit\u00e9s de la 5\u00e8me journ\u00e9e de la semaine nationale de la culture, de la jeunesse et des sports scolaires, l\u2019ancienne maison des jeunes a abrit\u00e9, mardi, une table ronde sur la culture du b\u00e9n\u00e9volat et son impact positif sur la soci\u00e9t\u00e9.<\/p>\n<p>Le conf\u00e9rencier, l\u2019inspecteur Eminou Ould Didi, a indiqu\u00e9 que le b\u00e9n\u00e9volat canalise des \u00e9nergies perdues au service du d\u00e9veloppement \u00e0 travers la cr\u00e9ation des institutions et des organisations \u00e0 vocation volontaire.<\/p>\n<p>Dans cet ordre d\u2019id\u00e9e, et en application du programme du Pr\u00e9sident de la R\u00e9publique, le gouvernement a mis en \u0153uvre un service volontaire d\u00e9nomm\u00e9 : programme national pour le b\u00e9n\u00e9volat, notre patrie.<\/p>\n","protected":false},"excerpt":{"rendered":"<p>Le wali de Dakhlet-nouadhibou, M. Yahya Ould Cheikh Mohamed Vall, a visit\u00e9, mardi, l\u2019\u00e9cole 9 dans la ville o\u00f9 il assist\u00e9 \u00e0 la lev\u00e9e du drapeau national et \u00e9cout\u00e9 l\u2019hymne national chant\u00e9 par les \u00e9coliers, avant de faire le point avec le directeur r\u00e9gional de l\u2019\u00e9ducation et autres responsables, des principaux obstacles pos\u00e9s \u00e0 cet [&hellip;]<\/p>\n","protected":false},"author":13,"featured_media":210781,"comment_status":"open","ping_status":"open","sticky":false,"template":"","format":"standard","meta":{"footnotes":""},"categories":[63918,63957,63923,8672],"tags":[],"class_list":["post-210780","post","type-post","status-publish","format-standard","has-post-thumbnail","hentry","category-autres","category-fil-dactualite","category-slider-wilayas","category-8672"],"_links":{"self":[{"href":"https:\/\/ami.mr\/fr\/wp-json\/wp\/v2\/posts\/210780","targetHints":{"allow":["GET"]}}],"collection":[{"href":"https:\/\/ami.mr\/fr\/wp-json\/wp\/v2\/posts"}],"about":[{"href":"https:\/\/ami.mr\/fr\/wp-json\/wp\/v2\/types\/post"}],"author":[{"embeddable":true,"href":"https:\/\/ami.mr\/fr\/wp-json\/wp\/v2\/users\/13"}],"replies":[{"embeddable":true,"href":"https:\/\/ami.mr\/fr\/wp-json\/wp\/v2\/comments?post=210780"}],"version-history":[{"count":1,"href":"https:\/\/ami.mr\/fr\/wp-json\/wp\/v2\/posts\/210780\/revisions"}],"predecessor-version":[{"id":210782,"href":"https:\/\/ami.mr\/fr\/wp-json\/wp\/v2\/posts\/210780\/revisions\/210782"}],"wp:featuredmedia":[{"embeddable":true,"href":"https:\/\/ami.mr\/fr\/wp-json\/wp\/v2\/media\/210781"}],"wp:attachment":[{"href":"https:\/\/ami.mr\/fr\/wp-json\/wp\/v2\/media?parent=210780"}],"wp:term":[{"taxonomy":"category","embeddable":true,"href":"https:\/\/ami.mr\/fr\/wp-json\/wp\/v2\/categories?post=210780"},{"taxonomy":"post_tag","embeddable":true,"href":"https:\/\/ami.mr\/fr\/wp-json\/wp\/v2\/tags?post=210780"}],"curies":[{"name":"wp","href":"https:\/\/api.w.org\/{rel}","templated":true}]}}