{"id":210779,"date":"2022-11-22T18:52:29","date_gmt":"2022-11-22T18:52:29","guid":{"rendered":"https:\/\/ami.mr\/fr\/?p=210779"},"modified":"2022-11-30T15:28:08","modified_gmt":"2022-11-30T15:28:08","slug":"le-ministre-du-petrole-les-perspectives-enegetiques-sont-prometteuses-malgre-les-defist","status":"publish","type":"post","link":"https:\/\/ami.mr\/fr\/archives\/210779","title":{"rendered":"Le ministre du P\u00e9trole: les perspectives \u00e9negetiques sont prometteuses malgr\u00e9 les d\u00e9fist"},"content":{"rendered":"<p>le ministre du P\u00e9trole, des mines et de l&#8217;Energie, M. Abdessalam Mohamed Saleh, a d\u00e9clar\u00e9 que les perspectives de d\u00e9veloppement du secteur de l&#8217;Energie et des min\u00e9raux dans notre pays sont tr\u00e8s prometteuses en d\u00e9pit des d\u00e9fis et peuvent contribuer \u00e0 transformer radicalement l&#8217;\u00e9conomie nationale, sa qualit\u00e9 et sa structure.<\/p>\n<p>C&#8217;est ce qu&#8217;il a d\u00e9clar\u00e9 lors de l&#8217;ouverture de la 6\u00e8me \u00e9dition Mauritanides, tenue mardi au Centre International des Conf\u00e9rences de Nouakchott sous le haut patronage du Pr\u00e9sident de la R\u00e9publique Son Excellence Monsieur Mohamed Ould Cheikh El Ghazouani.<\/p>\n<p>Voici le discours dans son int\u00e9gralit\u00e9:<\/p>\n<p>Votre Excellence Monsieur le Pr\u00e9sident de la R\u00e9publique,<\/p>\n<p>Votre Excellence, Monsieur le Premier Ministre,<\/p>\n<p>Messieurs les Ministres,<\/p>\n<p>Monsieur l\u2019honorable Pr\u00e9sident de l\u2019Assembl\u00e9e Nationale,<\/p>\n<p>Excellences Messieurs les repr\u00e9sentants du corps diplomatique,<\/p>\n<p>Mesdames et Messieurs les PDG des soci\u00e9t\u00e9s p\u00e9troli\u00e8res, mini\u00e8res et \u00e9nerg\u00e9tiques,<\/p>\n<p>Messieurs les experts et consultants<\/p>\n<p>Mesdames et Messieurs les repr\u00e9sentants de la soci\u00e9t\u00e9 civile,<\/p>\n<p>Mesdames et Messieurs,<\/p>\n<p>Honorable assistance,<\/p>\n<p>C\u2019est pour moi un grand honneur de vous souhaiter la bienvenue, Excellence Monsieur le Pr\u00e9sident de la R\u00e9publique, \u00e0 cette sixi\u00e8me \u00e9dition de la Conf\u00e9rence et de l\u2019Exposition Mauritanides.<\/p>\n<p>Votre attachement aujourd&#8217;hui, Monsieur le Pr\u00e9sident, \u00e0 superviser le lancement des activit\u00e9s de cette conf\u00e9rence confirme la plus haute importance que vous accordez \u00e0 l&#8217;avancement des secteurs de l&#8217;\u00e9nergie et des mines dans les circonstances exceptionnelles que traverse le monde.<\/p>\n<p>Je souhaite aussi la bienvenue \u00e0 Son Excellence le Premier Ministre, \u00e0 Messieurs les Ministres et aux repr\u00e9sentants du corps diplomatique.<\/p>\n<p>Je souhaite aussi une bienvenue sp\u00e9ciale \u00e0 Madame la Ministre du P\u00e9trole et des Energies de la R\u00e9publique s\u0153ur du S\u00e9n\u00e9gal, \u00e0 Monsieur le Ministre des Mines et de la G\u00e9ologie du S\u00e9n\u00e9gal, \u00e0 Monsieur le Haut Commissaire de l\u2019Organisation pour la mise en Valeur du Fleuve S\u00e9n\u00e9gal et aux directeurs des institutions relevant de l\u2019OMVS, ainsi qu\u2019aux chefs et membres des d\u00e9l\u00e9gations des pays fr\u00e8res du Maghreb, l&#8217;Alg\u00e9rie, le Maroc, la Libye et la Tunisie, et \u00e0 nos fr\u00e8res de la Guin\u00e9e et de la Gambie.<\/p>\n<p>Je tiens aussi ici \u00e0 souhaiter la bienvenue \u00e0 nos partenaires des compagnies p\u00e9troli\u00e8res et mini\u00e8res<\/p>\n<p>Je souhaite la bienvenue aux repr\u00e9sentants du secteur priv\u00e9 national.<\/p>\n<p>Je ne peux manquer de souhaiter la bienvenue \u00e0 nos partenaires des compagnies p\u00e9troli\u00e8res et mini\u00e8res.<\/p>\n<p>Et je souhaite la bienvenue \u00e0 tous les participants \u00e0 cette conf\u00e9rence, y compris les experts, les acteurs \u00e9conomiques, les organisations non gouvernementales, les \u00e9tudiants et les chercheurs.<\/p>\n<p>Excellences,<\/p>\n<p>Honorable assistance,<\/p>\n<p>Cette \u00e9dition de l&#8217;Exposition et Conf\u00e9rence des Mauritanides se tient quelques jours apr\u00e8s le sommet sur le climat de la COP 27, qui s\u2019est voulu un sommet de mise en \u0153uvre, qui a confirm\u00e9 la n\u00e9cessit\u00e9 d&#8217;acc\u00e9l\u00e9rer la transition \u00e9nerg\u00e9tique afin d&#8217;atteindre l&#8217;objectif fondamental qui est la neutralit\u00e9 carbone d&#8217;ici 2050.<\/p>\n<p>Elle survient \u00e9galement apr\u00e8s une s\u00e9rie de chocs \u00e9conomiques, commen\u00e7ant par la crise du Covid-19, qui a entra\u00een\u00e9 un ralentissement \u00e9conomique sans pr\u00e9c\u00e9dent pour la plupart des \u00e9conomies mondiales et une baisse de la plupart des indicateurs de d\u00e9veloppement.<\/p>\n<p>Puis la crise \u00e9nerg\u00e9tique cons\u00e9cutive \u00e0 la guerre en Ukraine, qui a provoqu\u00e9 une hausse vertigineuse des prix de l&#8217;\u00e9nergie et de profondes perturbations dans les cha\u00eenes d&#8217;approvisionnement \u00e0 travers le monde, soulignant l&#8217;importance de la s\u00e9curit\u00e9 \u00e9nerg\u00e9tique devenue une extr\u00eame priorit\u00e9 pour tous les pays du monde.<\/p>\n<p>Ces facteurs, ensemble, ont acc\u00e9l\u00e9r\u00e9 la transition \u00e9nerg\u00e9tique, l&#8217;Agence Internationale de l&#8217;Energie ayant confirm\u00e9 que l&#8217;ann\u00e9e 2022 pourrait \u00eatre un tournant dans l&#8217;histoire en la mati\u00e8re.<\/p>\n<p>La transition \u00e9nerg\u00e9tique signifie une transition progressive vers des \u00e9nergies \u00e0 bas carbone, comme l&#8217;hydrog\u00e8ne \u00e0 bas carbone et ses d\u00e9riv\u00e9s et le gaz joue un r\u00f4le important dans ce domaine, car il repr\u00e9sente une \u00e9nergie moins \u00e9mettrice de carbone que les autres sources fossiles. Par cons\u00e9quent on l\u2019a nomm\u00e9 l\u2019\u00e9nergie de la transition.<\/p>\n<p>Ainsi, des pr\u00e9visions \u00e9conomiques fiables indiquent que la demande de gaz conna\u00eetra une augmentation r\u00e9guli\u00e8re, atteignant un pic \u00e0 l&#8217;horizon 2035, parall\u00e8lement \u00e0 l&#8217;augmentation de l&#8217;offre d&#8217;\u00e9nergie produite \u00e0 partir d&#8217;hydrog\u00e8ne \u00e0 bas carbone et de ses d\u00e9riv\u00e9s.<\/p>\n<p>Votre Excellence,<\/p>\n<p>Excellences,<\/p>\n<p>Mesdames et Messieurs,<\/p>\n<p>L&#8217;\u00e9conomie mondiale d\u00e9carbon\u00e9e, qui commence \u00e0 se dessiner, offre \u00e0 notre pays des opportunit\u00e9s de d\u00e9veloppement sans pr\u00e9c\u00e9dent pour \u00e9lever le niveau de croissance, cr\u00e9er un v\u00e9ritable tissu industriel et \u00e9liminer le ch\u00f4mage.<\/p>\n<p>En effet, la Mauritanie est dot\u00e9e de grandes capacit\u00e9s dans le domaine du gaz, du p\u00e9trole, des minerais et des \u00e9nergies renouvelables. Le bassin c\u00f4tier mauritanien, qui repr\u00e9sente une extension du bassin MSGBC partag\u00e9 avec le S\u00e9n\u00e9gal, la Gambie, la Guin\u00e9e-Bissau et la Guin\u00e9e Conakry, contient d&#8217;importantes r\u00e9serves de gaz d&#8217;environ 100 billions de pieds cubes.<\/p>\n<p>Notre pays poss\u00e8de d&#8217;importantes ressources mini\u00e8res et est riche en ressources \u00e9nerg\u00e9tiques renouvelables d&#8217;environ 4.000 gigawatts, dont 500 gigawatts \u00e0 caract\u00e8re commercial comp\u00e9titif.<\/p>\n<p>Le monde \u00e0 bas carbone est un monde qui sera marqu\u00e9 par une consommation intensive de mines, notamment strat\u00e9giques. A cet \u00e9gard, notre pays dispose d&#8217;importantes ressources mini\u00e8res, notamment de fer, qui peuvent \u00eatre transform\u00e9es et valoris\u00e9es industriellement gr\u00e2ce \u00e0 l&#8217;exploitation du gaz et des \u00e9nergies propres.<\/p>\n<p>Ainsi, Monsieur le Pr\u00e9sident, vous avez supervis\u00e9, le 24 mai 2022, le forum dans lequel a \u00e9t\u00e9 \u00e9labor\u00e9e une vision strat\u00e9gique int\u00e9gr\u00e9e, visant \u00e0 faire de la Mauritanie un p\u00f4le de production, d&#8217;exportation et de consommation locale de gaz, d&#8217;\u00e9nergie et de min\u00e9raux verts.<\/p>\n<p>Cette strat\u00e9gie vise \u00e0 :<\/p>\n<p>\u2022 Assurer la s\u00e9curit\u00e9 \u00e9nerg\u00e9tique<\/p>\n<p>\u2022 Garantir l\u2019acc\u00e8s \u00e0 l&#8217;\u00e9lectricit\u00e9 pour tous les Mauritaniens d&#8217;ici 2030<\/p>\n<p>\u2022 Faire du secteur de l\u2019\u00e9nergie un moteur de l\u2019\u00e9conomie nationale.<\/p>\n<p>Pour concr\u00e9tiser cette vision, on travaille sur plusieurs axes, et permettez-moi, Excellence Monsieur le Pr\u00e9sident, d\u2019en citer les plus importants :<\/p>\n<p>&#8211; Le projet de production de gaz du grand champ de TORTUE, AHMEIM, dont les travaux de la premi\u00e8re phase sont sur le point d&#8217;\u00eatre achev\u00e9s, de sorte que la production d\u00e9butera fin 2023. Gr\u00e2ce \u00e0 ce projet, la Mauritanie et le S\u00e9n\u00e9gal deviendront des pays exportateurs de gaz. Les n\u00e9gociations ont commenc\u00e9 sur un plan de d\u00e9veloppement de la deuxi\u00e8me phase, laquelle ajoutera 2,5 \u00e0 3 millions de tonnes de gaz liqu\u00e9fi\u00e9 par an.<\/p>\n<p>&#8211; concernant le champ gazier BIR ALLA, qui dispose de r\u00e9serves estim\u00e9es \u00e0 plus de 50 billions de pieds cubes, les \u00e9tudes d&#8217;ing\u00e9nierie n\u00e9cessaires ont commenc\u00e9 afin de prendre une d\u00e9cision finale d&#8217;investissement dans la premi\u00e8re moiti\u00e9 de l\u2019ann\u00e9e 2025.<\/p>\n<p>-Au niveau des projets hydrog\u00e8ne, trois accords ont \u00e9t\u00e9 sign\u00e9s pour une valeur de production totale d&#8217;environ 70 gigawatts. Les \u00e9tudes de faisabilit\u00e9 li\u00e9es au d\u00e9veloppement de certains de ces projets ont commenc\u00e9. Il est pr\u00e9vu que la production d\u00e9marre \u00e0 partir du stade exp\u00e9rimental en 2027. Il est \u00e0 noter que la SNIM a sign\u00e9 avec Arcelor Mittal, la plus grande entreprise sid\u00e9rurgique internationale, un protocole d&#8217;accord portant sur une \u00e9tude de faisabilit\u00e9 pour la cr\u00e9ation d&#8217;une aci\u00e9rie verte.<\/p>\n<p>-Quant \u00e0 l&#8217;axe des m\u00e9taux, notamment le fer, la SNIM travaille \u00e0 l&#8217;augmentation de la production et de sa qualit\u00e9. On s&#8217;attend \u00e0 ce que le niveau de production atteigne cette ann\u00e9e 13,3 millions de tonnes. La premi\u00e8re pierre du projet Fd\u00e9rik sera pos\u00e9e dans les prochaines semaines, ce qui permettra la production de 2 \u00e0 3 millions de tonnes par an, portant cette production totale de la SNIM \u00e0 la limite de 16 millions de tonnes par an \u00e0 l\u2019horizon 2025.<\/p>\n<p>-En ce qui concerne le projet g\u00e9ant Al- OUJ, qui vise \u00e0 produire 11 millions de tonnes par an de magn\u00e9tite \u00e0 haute concentration de 66%, utilisable pour les pellets et l&#8217;acier vert, dont le financement est actuellement recherch\u00e9, et les indicateurs des march\u00e9s financiers sont positifs.<\/p>\n<p>-En mati\u00e8re d&#8217;acc\u00e8s \u00e0 l&#8217;\u00e9lectricit\u00e9, le plan de transformation du secteur de l&#8217;\u00e9lectricit\u00e9 est r\u00e9guli\u00e8rement mis en \u0153uvre et a donn\u00e9 des r\u00e9sultats encourageants qui ont permis de faire passer le taux d&#8217;acc\u00e8s \u00e0 l&#8217;\u00e9lectricit\u00e9 de 42% en 2019 \u00e0 53% en 2022.<\/p>\n<p>-Enfin, le Gouvernement s&#8217;emploie \u00e0 augmenter le pourcentage de contenu local, car une strat\u00e9gie nationale a \u00e9t\u00e9 pr\u00e9par\u00e9e qui comprend cinq axes principaux :<\/p>\n<p>-Pr\u00e9parer une loi-cadre sur le contenu local<\/p>\n<p>-D\u00e9velopper des m\u00e9canismes institutionnels pour suivre et assurer la mise en \u0153uvre de la strat\u00e9gie<\/p>\n<p>-Mise en place d&#8217;une plateforme num\u00e9rique pour publier les informations relatives aux offres et appels d&#8217;offres du secteur<\/p>\n<p>-Elaborer un programme pour renforcer les capacit\u00e9s techniques et former le cadre humain<\/p>\n<p>-Elaborer un programme de renforcement des capacit\u00e9s des entreprises locales.<\/p>\n<p>Il convient de noter que des travaux sont \u00e9galement en cours pour \u00e9tablir une zone sp\u00e9ciale pour accueillir et d\u00e9velopper les industries et les services li\u00e9s au p\u00e9trole et au gaz.<\/p>\n<p>Votre Excellence,<\/p>\n<p>Excellences,<\/p>\n<p>Mesdames et Messieurs,<\/p>\n<p>Les perspectives de d\u00e9veloppement du secteur de l&#8217;\u00e9nergie et des min\u00e9raux dans notre pays sont tr\u00e8s prometteuses malgr\u00e9 les d\u00e9fis et peuvent contribuer \u00e0 transformer radicalement l&#8217;\u00e9conomie nationale, sa qualit\u00e9 et sa structure.<\/p>\n<p>Cependant, la r\u00e9alisation de cette vision ambitieuse n\u00e9cessite beaucoup de travail \u00e0 tous les niveaux, \u00e0 commencer par la dotation en ressources humaines, la restructuration des institutions, l&#8217;\u00e9l\u00e9vation du niveau de leurs performances, l&#8217;instauration et la consolidation de la bonne gouvernance, et il faudra \u00e9galement renforcer les infrastructures.<\/p>\n<p>Ces deux journ\u00e9es constitueront une occasion pr\u00e9cieuse d&#8217;\u00e9tudier l&#8217;\u00e9tat du secteur du gaz, de l&#8217;\u00e9nergie et des min\u00e9raux, et de discuter des \u00e9volutions dans le domaine de la transition \u00e9nerg\u00e9tique. La conf\u00e9rence sera \u00e9galement l&#8217;occasion d&#8217;\u00e9changer des exp\u00e9riences et de discuter des \u00e9volutions technologiques et des perspectives de coop\u00e9ration.<\/p>\n<p>Enfin, je renouvelle mes remerciements \u00e0 tous et annonce, avec la b\u00e9n\u00e9diction d\u2019Allah, l&#8217;ouverture des travaux de la &#8220;sixi\u00e8me \u00e9dition de la Conf\u00e9rence Mauritanienne de l&#8217;Energie et des Mines&#8221;, sous le haut patronage de Son Excellence le Pr\u00e9sident de la R\u00e9publique, Monsieur Mohamed Ould Cheikh El-Ghazouani, tout en souhaitant plein succ\u00e8s \u00e0 nos travaux.<\/p>\n<p>Qu\u2019Allah vous accorde paix et mis\u00e9ricorde.<\/p>\n","protected":false},"excerpt":{"rendered":"<p>le ministre du P\u00e9trole, des mines et de l&#8217;Energie, M. Abdessalam Mohamed Saleh, a d\u00e9clar\u00e9 que les perspectives de d\u00e9veloppement du secteur de l&#8217;Energie et des min\u00e9raux dans notre pays sont tr\u00e8s prometteuses en d\u00e9pit des d\u00e9fis et peuvent contribuer \u00e0 transformer radicalement l&#8217;\u00e9conomie nationale, sa qualit\u00e9 et sa structure. C&#8217;est ce qu&#8217;il a d\u00e9clar\u00e9 [&hellip;]<\/p>\n","protected":false},"author":13,"featured_media":210810,"comment_status":"open","ping_status":"open","sticky":false,"template":"","format":"standard","meta":{"footnotes":""},"categories":[63918,63919,9,63957],"tags":[],"class_list":["post-210779","post","type-post","status-publish","format-standard","has-post-thumbnail","hentry","category-autres","category-choix-du-redacteur","category-9","category-fil-dactualite"],"_links":{"self":[{"href":"https:\/\/ami.mr\/fr\/wp-json\/wp\/v2\/posts\/210779","targetHints":{"allow":["GET"]}}],"collection":[{"href":"https:\/\/ami.mr\/fr\/wp-json\/wp\/v2\/posts"}],"about":[{"href":"https:\/\/ami.mr\/fr\/wp-json\/wp\/v2\/types\/post"}],"author":[{"embeddable":true,"href":"https:\/\/ami.mr\/fr\/wp-json\/wp\/v2\/users\/13"}],"replies":[{"embeddable":true,"href":"https:\/\/ami.mr\/fr\/wp-json\/wp\/v2\/comments?post=210779"}],"version-history":[{"count":1,"href":"https:\/\/ami.mr\/fr\/wp-json\/wp\/v2\/posts\/210779\/revisions"}],"predecessor-version":[{"id":210785,"href":"https:\/\/ami.mr\/fr\/wp-json\/wp\/v2\/posts\/210779\/revisions\/210785"}],"wp:featuredmedia":[{"embeddable":true,"href":"https:\/\/ami.mr\/fr\/wp-json\/wp\/v2\/media\/210810"}],"wp:attachment":[{"href":"https:\/\/ami.mr\/fr\/wp-json\/wp\/v2\/media?parent=210779"}],"wp:term":[{"taxonomy":"category","embeddable":true,"href":"https:\/\/ami.mr\/fr\/wp-json\/wp\/v2\/categories?post=210779"},{"taxonomy":"post_tag","embeddable":true,"href":"https:\/\/ami.mr\/fr\/wp-json\/wp\/v2\/tags?post=210779"}],"curies":[{"name":"wp","href":"https:\/\/api.w.org\/{rel}","templated":true}]}}