{"id":210716,"date":"2022-11-21T22:04:21","date_gmt":"2022-11-21T22:04:21","guid":{"rendered":"https:\/\/ami.mr\/fr\/?p=210716"},"modified":"2022-11-23T13:07:12","modified_gmt":"2022-11-23T13:07:12","slug":"signature-dune-convention-pour-prise-en-charge-des-medicaments-pour-les-patients-dinsuffisance-renale-et-dautres-maladies-chroniques","status":"publish","type":"post","link":"https:\/\/ami.mr\/fr\/archives\/210716","title":{"rendered":"Signature d\u2019une convention pour prise en charge des m\u00e9dicaments pour les patients d&#8217;insuffisance r\u00e9nale et d\u2019autres maladies chroniques"},"content":{"rendered":"<div class=\"cell auto-size\">\n<div class=\"set-border bd-gray padding10 margin10 no-margin-right no-margin-left \" dir=\"ltr\">\n<p>La ministre des Affaires Sociales, de l&#8217;Enfance et de la Famille, Mme Saviya Mint Ntehah, a supervis\u00e9, lundi \u00e0 Nouakchott, la signature d&#8217;une convention de partenariat et de coop\u00e9ration avec la Centrale d&#8217;Achat de M\u00e9dicaments, de Mat\u00e9riels M\u00e9dicaux et de Consommables \u00ab CAMEC \u00bb.<\/p>\n<p>L&#8217;accord vise \u00e0 fournir des m\u00e9dicaments essentiels aux patients souffrant d&#8217;insuffisance r\u00e9nale et de maladies chroniques, qui sont fournis par la Direction de l\u2019Action sociale et de la solidarit\u00e9 nationale du minist\u00e8re, dans le cadre de ses activit\u00e9s ciblant les groupes vuln\u00e9rables, conform\u00e9ment \u00e0 des sp\u00e9cifications techniques.<\/p>\n<p>L&#8217;accord a \u00e9t\u00e9 sign\u00e9 par le secr\u00e9taire g\u00e9n\u00e9ral du minist\u00e8re, M. Aly Silly Soumar\u00e9, et la directrice g\u00e9n\u00e9rale de la Centrale d&#8217;Achat des M\u00e9dicaments, des Equipements m\u00e9dicaux et des Consommables, Mme Oumoulfadli Mint Sadek.<\/p>\n<\/div>\n<\/div>\n","protected":false},"excerpt":{"rendered":"<p>La ministre des Affaires Sociales, de l&#8217;Enfance et de la Famille, Mme Saviya Mint Ntehah, a supervis\u00e9, lundi \u00e0 Nouakchott, la signature d&#8217;une convention de partenariat et de coop\u00e9ration avec la Centrale d&#8217;Achat de M\u00e9dicaments, de Mat\u00e9riels M\u00e9dicaux et de Consommables \u00ab CAMEC \u00bb. L&#8217;accord vise \u00e0 fournir des m\u00e9dicaments essentiels aux patients souffrant d&#8217;insuffisance [&hellip;]<\/p>\n","protected":false},"author":13,"featured_media":210718,"comment_status":"open","ping_status":"open","sticky":false,"template":"","format":"standard","meta":{"footnotes":""},"categories":[63920,63919,104,63957,63924],"tags":[],"class_list":["post-210716","post","type-post","status-publish","format-standard","has-post-thumbnail","hentry","category-a-la-une","category-choix-du-redacteur","category-104","category-fil-dactualite","category-slider-culture"],"_links":{"self":[{"href":"https:\/\/ami.mr\/fr\/wp-json\/wp\/v2\/posts\/210716","targetHints":{"allow":["GET"]}}],"collection":[{"href":"https:\/\/ami.mr\/fr\/wp-json\/wp\/v2\/posts"}],"about":[{"href":"https:\/\/ami.mr\/fr\/wp-json\/wp\/v2\/types\/post"}],"author":[{"embeddable":true,"href":"https:\/\/ami.mr\/fr\/wp-json\/wp\/v2\/users\/13"}],"replies":[{"embeddable":true,"href":"https:\/\/ami.mr\/fr\/wp-json\/wp\/v2\/comments?post=210716"}],"version-history":[{"count":1,"href":"https:\/\/ami.mr\/fr\/wp-json\/wp\/v2\/posts\/210716\/revisions"}],"predecessor-version":[{"id":210719,"href":"https:\/\/ami.mr\/fr\/wp-json\/wp\/v2\/posts\/210716\/revisions\/210719"}],"wp:featuredmedia":[{"embeddable":true,"href":"https:\/\/ami.mr\/fr\/wp-json\/wp\/v2\/media\/210718"}],"wp:attachment":[{"href":"https:\/\/ami.mr\/fr\/wp-json\/wp\/v2\/media?parent=210716"}],"wp:term":[{"taxonomy":"category","embeddable":true,"href":"https:\/\/ami.mr\/fr\/wp-json\/wp\/v2\/categories?post=210716"},{"taxonomy":"post_tag","embeddable":true,"href":"https:\/\/ami.mr\/fr\/wp-json\/wp\/v2\/tags?post=210716"}],"curies":[{"name":"wp","href":"https:\/\/api.w.org\/{rel}","templated":true}]}}