{"id":210613,"date":"2022-11-20T20:13:10","date_gmt":"2022-11-20T20:13:10","guid":{"rendered":"https:\/\/ami.mr\/fr\/?p=210613"},"modified":"2022-11-20T20:13:10","modified_gmt":"2022-11-20T20:13:10","slug":"tidjikja-poursuite-de-la-semaine-nationale-de-la-culture-de-la-jeunesse-et-du-sport-scolaire-au-niveau-du-tagant","status":"publish","type":"post","link":"https:\/\/ami.mr\/fr\/archives\/210613","title":{"rendered":"Tidjikja: Poursuite de la semaine nationale de la culture, de la jeunesse et du sport scolaire au niveau du Tagant"},"content":{"rendered":"<div class=\"row\">\n<div class=\"cell auto-size bd-gray\" dir=\"ltr\"><\/div>\n<\/div>\n<div class=\"row\">\n<div class=\"cell auto-size\">\n<div class=\"set-border bd-gray padding10 margin10 no-margin-right no-margin-left \" dir=\"ltr\">\n<p>Le wali du Tagant, M. Teyib ould Mohamed Mahmoud, a supervis\u00e9, dimanche matin \u00e0 Tidjikja le lancement des activit\u00e9s programm\u00e9es pour la troisi\u00e8me journ\u00e9e de la semaine nationale de la culture, de la jeunesse et du sport scolaire.<\/p>\n<p>A l&#8217;\u00e9cole 3, le wali a supervis\u00e9 le lancement du concours des programmes scolaires, f\u00e9licitant pour l&#8217;occasion les participants \u00e0 cette manifestation.<\/p>\n<p>Il a ensuite pr\u00e9sid\u00e9 une conf\u00e9rence donn\u00e9e \u00e0 la maison des jeunes sur le renforcement de la coh\u00e9sion nationale, la promotion de l&#8217;esprit de citoyennet\u00e9 et l&#8217;\u00e9radication des disparit\u00e9s sociales, donn\u00e9e par le faquih Sidi Mohamed Ould Hamza qui a r\u00e9cit\u00e9 plusieurs versets du Saint Coran et de Hadith du proph\u00e8te insistant sur l&#8217;unit\u00e9 , la coh\u00e9sion, la fraternit\u00e9 et la collaboration entre toutes les composantes de la Nation, et ce en pr\u00e9sence de plusieurs clubs de jeunes .<\/p>\n<p>Par ailleurs, dans le cadre de la m\u00eame journ\u00e9e, la maison des jeunes a abrit\u00e9 les \u00e9liminatoires du concours des mets mauritaniens, et ce sous la supervision du conseiller du wali charg\u00e9 des affaires politiques et sociales, M. Mohamed Ahmed Ould Mohamed Mahmoud. Participent \u00e0 ce concours des repr\u00e9sentants venus des trois moughataas de la wilaya: Moudjeria, Tidjikja et Tichit.<\/p>\n<p>Le public pr\u00e9sent s&#8217;est montr\u00e9 tr\u00e8s impressionn\u00e9s par les mets pr\u00e9sent\u00e9s.<\/p>\n<p>Il est \u00e0 noter que la soir\u00e9e artistique et culturelle organis\u00e9e samedi soir a \u00e9t\u00e9 \u00e9maill\u00e9e par des po\u00e8mes et des sketches traitant de l&#8217;importance de la coh\u00e9sion nationale et appelant \u00e0 s&#8217;orienter vers l&#8217;agriculture et \u00e0 bannir la paresse.<\/p>\n<\/div>\n<\/div>\n<\/div>\n","protected":false},"excerpt":{"rendered":"<p>Le wali du Tagant, M. Teyib ould Mohamed Mahmoud, a supervis\u00e9, dimanche matin \u00e0 Tidjikja le lancement des activit\u00e9s programm\u00e9es pour la troisi\u00e8me journ\u00e9e de la semaine nationale de la culture, de la jeunesse et du sport scolaire. A l&#8217;\u00e9cole 3, le wali a supervis\u00e9 le lancement du concours des programmes scolaires, f\u00e9licitant pour l&#8217;occasion [&hellip;]<\/p>\n","protected":false},"author":18,"featured_media":210614,"comment_status":"open","ping_status":"open","sticky":false,"template":"","format":"standard","meta":{"footnotes":""},"categories":[63918,63919,63957],"tags":[],"class_list":["post-210613","post","type-post","status-publish","format-standard","has-post-thumbnail","hentry","category-autres","category-choix-du-redacteur","category-fil-dactualite"],"_links":{"self":[{"href":"https:\/\/ami.mr\/fr\/wp-json\/wp\/v2\/posts\/210613","targetHints":{"allow":["GET"]}}],"collection":[{"href":"https:\/\/ami.mr\/fr\/wp-json\/wp\/v2\/posts"}],"about":[{"href":"https:\/\/ami.mr\/fr\/wp-json\/wp\/v2\/types\/post"}],"author":[{"embeddable":true,"href":"https:\/\/ami.mr\/fr\/wp-json\/wp\/v2\/users\/18"}],"replies":[{"embeddable":true,"href":"https:\/\/ami.mr\/fr\/wp-json\/wp\/v2\/comments?post=210613"}],"version-history":[{"count":1,"href":"https:\/\/ami.mr\/fr\/wp-json\/wp\/v2\/posts\/210613\/revisions"}],"predecessor-version":[{"id":210615,"href":"https:\/\/ami.mr\/fr\/wp-json\/wp\/v2\/posts\/210613\/revisions\/210615"}],"wp:featuredmedia":[{"embeddable":true,"href":"https:\/\/ami.mr\/fr\/wp-json\/wp\/v2\/media\/210614"}],"wp:attachment":[{"href":"https:\/\/ami.mr\/fr\/wp-json\/wp\/v2\/media?parent=210613"}],"wp:term":[{"taxonomy":"category","embeddable":true,"href":"https:\/\/ami.mr\/fr\/wp-json\/wp\/v2\/categories?post=210613"},{"taxonomy":"post_tag","embeddable":true,"href":"https:\/\/ami.mr\/fr\/wp-json\/wp\/v2\/tags?post=210613"}],"curies":[{"name":"wp","href":"https:\/\/api.w.org\/{rel}","templated":true}]}}