{"id":210609,"date":"2022-11-20T19:39:36","date_gmt":"2022-11-20T19:39:36","guid":{"rendered":"https:\/\/ami.mr\/fr\/?p=210609"},"modified":"2022-11-21T10:38:54","modified_gmt":"2022-11-21T10:38:54","slug":"le-president-de-la-republique-recoit-le-president-du-conseil-europeen-2","status":"publish","type":"post","link":"https:\/\/ami.mr\/fr\/archives\/210609","title":{"rendered":"Le Pr\u00e9sident de la R\u00e9publique re\u00e7oit le pr\u00e9sident du Conseil europ\u00e9en"},"content":{"rendered":"<div class=\"row\"><\/div>\n<div class=\"row\">\n<div class=\"cell auto-size\">\n<div class=\"set-border bd-gray padding10 margin10 no-margin-right no-margin-left \" dir=\"ltr\">\n<p>Le Pr\u00e9sident de la R\u00e9publique, Son Excellence Monsieur Mohamed Ould Cheikh El Ghazouani a re\u00e7u en audience, dimanche soir au palais pr\u00e9sidentiel \u00e0 Nouakchott, le pr\u00e9sident du Conseil Europ\u00e9en, M. Charles Michel.<\/p>\n<p>A cette occasion, le Pr\u00e9sident de la R\u00e9publique a eu des entretiens en-t\u00eate-\u00e0- t\u00eate avec le responsable europ\u00e9en, entretiens qui ont \u00e9t\u00e9 \u00e9largis ensuite aux membres des deux d\u00e9l\u00e9gations.<\/p>\n<p>Il a \u00e9t\u00e9 question au cours de ces entretiens des relations existant entre les deux parties et des moyens susceptibles de les renforcer dans les diff\u00e9rents domaines.<\/p>\n<p>Les entretiens se sont d\u00e9roul\u00e9s en pr\u00e9sence du ministre des Affaires \u00e9trang\u00e8res, de la Coop\u00e9ration et des mauritaniens de l&#8217;ext\u00e9rieur , M. Mohamed Salem Ould Merzoug, du directeur de Cabinet du Pr\u00e9sident de la R\u00e9publique, M. Ismael Ould Cheikh Ahmed, de l&#8217;ambassadeur de Mauritanie \u00e0 Bruxelles, SEM Abdellahi Ould Kebd, de l&#8217;ambassadeur de l&#8217;Union Europ\u00e9enne \u00e0 Nouakchott et des membres de la d\u00e9l\u00e9gation accompagnant le responsable de l&#8217;Union Europ\u00e9enne.<\/p>\n<p>&nbsp;<\/p>\n<\/div>\n<\/div>\n<\/div>\n","protected":false},"excerpt":{"rendered":"<p>Le Pr\u00e9sident de la R\u00e9publique, Son Excellence Monsieur Mohamed Ould Cheikh El Ghazouani a re\u00e7u en audience, dimanche soir au palais pr\u00e9sidentiel \u00e0 Nouakchott, le pr\u00e9sident du Conseil Europ\u00e9en, M. Charles Michel. A cette occasion, le Pr\u00e9sident de la R\u00e9publique a eu des entretiens en-t\u00eate-\u00e0- t\u00eate avec le responsable europ\u00e9en, entretiens qui ont \u00e9t\u00e9 \u00e9largis [&hellip;]<\/p>\n","protected":false},"author":18,"featured_media":210610,"comment_status":"open","ping_status":"open","sticky":false,"template":"","format":"standard","meta":{"footnotes":""},"categories":[63919,63957,63959,63921],"tags":[],"class_list":["post-210609","post","type-post","status-publish","format-standard","has-post-thumbnail","hentry","category-choix-du-redacteur","category-fil-dactualite","category-mauritanie","category-slider-afficher"],"_links":{"self":[{"href":"https:\/\/ami.mr\/fr\/wp-json\/wp\/v2\/posts\/210609","targetHints":{"allow":["GET"]}}],"collection":[{"href":"https:\/\/ami.mr\/fr\/wp-json\/wp\/v2\/posts"}],"about":[{"href":"https:\/\/ami.mr\/fr\/wp-json\/wp\/v2\/types\/post"}],"author":[{"embeddable":true,"href":"https:\/\/ami.mr\/fr\/wp-json\/wp\/v2\/users\/18"}],"replies":[{"embeddable":true,"href":"https:\/\/ami.mr\/fr\/wp-json\/wp\/v2\/comments?post=210609"}],"version-history":[{"count":2,"href":"https:\/\/ami.mr\/fr\/wp-json\/wp\/v2\/posts\/210609\/revisions"}],"predecessor-version":[{"id":210612,"href":"https:\/\/ami.mr\/fr\/wp-json\/wp\/v2\/posts\/210609\/revisions\/210612"}],"wp:featuredmedia":[{"embeddable":true,"href":"https:\/\/ami.mr\/fr\/wp-json\/wp\/v2\/media\/210610"}],"wp:attachment":[{"href":"https:\/\/ami.mr\/fr\/wp-json\/wp\/v2\/media?parent=210609"}],"wp:term":[{"taxonomy":"category","embeddable":true,"href":"https:\/\/ami.mr\/fr\/wp-json\/wp\/v2\/categories?post=210609"},{"taxonomy":"post_tag","embeddable":true,"href":"https:\/\/ami.mr\/fr\/wp-json\/wp\/v2\/tags?post=210609"}],"curies":[{"name":"wp","href":"https:\/\/api.w.org\/{rel}","templated":true}]}}