{"id":210277,"date":"2022-11-16T16:32:24","date_gmt":"2022-11-16T16:32:24","guid":{"rendered":"https:\/\/ami.mr\/fr\/?p=210277"},"modified":"2022-11-17T13:21:05","modified_gmt":"2022-11-17T13:21:05","slug":"nema-revision-du-plan-durgences-au-hodh-chargui","status":"publish","type":"post","link":"https:\/\/ami.mr\/fr\/archives\/210277","title":{"rendered":"Nema : r\u00e9vision du plan d&#8217;urgences au Hodh Chargui"},"content":{"rendered":"<div class=\"cell size-p10 padding20 no-padding-left no-padding-right no-padding-bottom\">es autorit\u00e9s r\u00e9gionales, en partenariat avec l\u2019Organisation Internationale pour les Migrations (OIM) et l\u2019Union europ\u00e9enne, ont supervis\u00e9, mercredi \u00e0 Nema, le d\u00e9marrage des travaux d\u2019un atelier sur la r\u00e9vision du plan d&#8217;urgences au Hodh Chargui.<\/div>\n<div class=\"cell auto-size\">\n<div class=\"set-border bd-gray padding10 margin10 no-margin-right no-margin-left \" dir=\"ltr\">\n<p>La rencontre, qui dure un seul jour, vise \u00e0 actualiser le plan d&#8217;urgences et la mise en place de m\u00e9canismes permettant de consolider les capacit\u00e9s au niveau national et local en vue de faire face aux catastrophes dans les zones frontali\u00e8res et dans les couloirs de transpiration dans la Wilaya.<\/p>\n<p>Dans un mot prononc\u00e9 pour la circonstance, M. Abderrahmane Ould Ahmed Deddi, directeur de cabinet du wali du Hodh Chargui, a insist\u00e9 sur l\u2019importance de la th\u00e9matique de l\u2019atelier dans la lutte contre les catastrophes \u00e0 travers l\u2019actualisation du plan d&#8217;urgences au niveau r\u00e9gional.<\/p>\n<p>Il a, en outre, mis en exergue le r\u00f4le jou\u00e9 par les autorit\u00e9s gr\u00e2ce aux mesures d\u00e9cr\u00e9t\u00e9es par la direction r\u00e9gionale de la protection civile, en collaboration avec les partenaires au d\u00e9veloppement, dans le cadre du projet d\u2019appui aux capacit\u00e9s nationales et locales en mati\u00e8re de lutte contre les catastrophes.<\/p>\n<p>De son c\u00f4t\u00e9, la repr\u00e9sentante de l\u2019OIM a pass\u00e9 en revue les domaines de coop\u00e9ration entre son Organisation et la Mauritanie, en particulier, dans le domaine de la lutte contre les catastrophes, soulignant que l\u2019atelier vise \u00e0 actualiser le plan d&#8217;urgences \u00e0 travers le renforcement de capacit\u00e9s des acteurs locaux au Hodh Chargui.<\/p>\n<p>Le d\u00e9marrage de l\u2019atelier s\u2019est d\u00e9roul\u00e9 en pr\u00e9sence des autorit\u00e9s administratives, des \u00e9lus, des repr\u00e9sentants des autorit\u00e9s s\u00e9curitaires, des d\u00e9l\u00e9gu\u00e9s r\u00e9gionaux de l\u2019Environnement et du D\u00e9veloppement durable et de la protection civile dans la Wilaya.<\/p>\n<p>&nbsp;<\/p>\n<\/div>\n<\/div>\n","protected":false},"excerpt":{"rendered":"<p>es autorit\u00e9s r\u00e9gionales, en partenariat avec l\u2019Organisation Internationale pour les Migrations (OIM) et l\u2019Union europ\u00e9enne, ont supervis\u00e9, mercredi \u00e0 Nema, le d\u00e9marrage des travaux d\u2019un atelier sur la r\u00e9vision du plan d&#8217;urgences au Hodh Chargui. La rencontre, qui dure un seul jour, vise \u00e0 actualiser le plan d&#8217;urgences et la mise en place de m\u00e9canismes [&hellip;]<\/p>\n","protected":false},"author":18,"featured_media":210278,"comment_status":"open","ping_status":"open","sticky":false,"template":"","format":"standard","meta":{"footnotes":""},"categories":[63918,63919,63957,63923,8672],"tags":[],"class_list":["post-210277","post","type-post","status-publish","format-standard","has-post-thumbnail","hentry","category-autres","category-choix-du-redacteur","category-fil-dactualite","category-slider-wilayas","category-8672"],"_links":{"self":[{"href":"https:\/\/ami.mr\/fr\/wp-json\/wp\/v2\/posts\/210277","targetHints":{"allow":["GET"]}}],"collection":[{"href":"https:\/\/ami.mr\/fr\/wp-json\/wp\/v2\/posts"}],"about":[{"href":"https:\/\/ami.mr\/fr\/wp-json\/wp\/v2\/types\/post"}],"author":[{"embeddable":true,"href":"https:\/\/ami.mr\/fr\/wp-json\/wp\/v2\/users\/18"}],"replies":[{"embeddable":true,"href":"https:\/\/ami.mr\/fr\/wp-json\/wp\/v2\/comments?post=210277"}],"version-history":[{"count":1,"href":"https:\/\/ami.mr\/fr\/wp-json\/wp\/v2\/posts\/210277\/revisions"}],"predecessor-version":[{"id":210279,"href":"https:\/\/ami.mr\/fr\/wp-json\/wp\/v2\/posts\/210277\/revisions\/210279"}],"wp:featuredmedia":[{"embeddable":true,"href":"https:\/\/ami.mr\/fr\/wp-json\/wp\/v2\/media\/210278"}],"wp:attachment":[{"href":"https:\/\/ami.mr\/fr\/wp-json\/wp\/v2\/media?parent=210277"}],"wp:term":[{"taxonomy":"category","embeddable":true,"href":"https:\/\/ami.mr\/fr\/wp-json\/wp\/v2\/categories?post=210277"},{"taxonomy":"post_tag","embeddable":true,"href":"https:\/\/ami.mr\/fr\/wp-json\/wp\/v2\/tags?post=210277"}],"curies":[{"name":"wp","href":"https:\/\/api.w.org\/{rel}","templated":true}]}}