{"id":210206,"date":"2022-11-15T13:36:36","date_gmt":"2022-11-15T13:36:36","guid":{"rendered":"https:\/\/ami.mr\/fr\/?p=210206"},"modified":"2022-11-16T13:21:33","modified_gmt":"2022-11-16T13:21:33","slug":"ciel-clair-a-peu-nuageux-sur-le-sud-et-sud-ouest-du-territoire","status":"publish","type":"post","link":"https:\/\/ami.mr\/fr\/archives\/210206","title":{"rendered":"Ciel clair \u00e0 peu nuageux sur le sud et sud-ouest du territoire"},"content":{"rendered":"<p>La situation m\u00e9t\u00e9orologique en Mauritanie sera domin\u00e9e, au cours des prochaines 24 heures, par des vents faibles \u00e0 mod\u00e9r\u00e9s du secteur Est \u00e0 Sud-est sur l&#8217;ensemble du pays avec une visibilit\u00e9 affect\u00e9e par sable.<\/p>\n<p>Le ciel sera clair \u00e0 peu nuageux sur le sud et sud-ouest du territoire.<\/p>\n<p>Sur la ville de Nouakchott, les vents seront faibles \u00e0 mod\u00e9r\u00e9s du secteur Nord \u00e0 Nord-est et le ciel sera d\u00e9gag\u00e9 avec une visibilit\u00e9 affect\u00e9e par sable.<\/p>\n<p>Voici les temp\u00e9ratures minimales et maximales pr\u00e9vues pour les prochaines 24 heures :<\/p>\n<p>Bir Moghrein :&#8230;&#8230;.15\/33\u00b0<\/p>\n<p>Zoueirate : &#8230;&#8230;&#8230;&#8230;.17\/33\u00b0<\/p>\n<p>Aoujeft : &#8230;&#8230;&#8230;&#8230;&#8230;&#8230;21\/36\u00b0<\/p>\n<p>Chinguetti : &#8230;&#8230;&#8230;&#8230;16\/32\u00b0<\/p>\n<p>Atar : &#8230;&#8230;&#8230;&#8230;&#8230;&#8230;&#8230;&#8230;.19\/36\u00b0<\/p>\n<p>Ouadane :&#8230;&#8230;&#8230;&#8230;&#8230;..16\/32\u00b0<\/p>\n<p>Akjoujt :&#8230;&#8230;&#8230;&#8230;&#8230;&#8230;&#8230;21\/38\u00b0<\/p>\n<p>Nouadhibou :&#8230;&#8230;&#8230;.22\/29\u00b0<\/p>\n<p>Nouakchott :&#8230;&#8230;&#8230;&#8230;23\/35\u00b0<\/p>\n<p>Boutilimitt :&#8230;&#8230;&#8230;&#8230;&#8230;24\/38\u00b0<\/p>\n<p>Aleg :&#8230;&#8230;&#8230;&#8230;&#8230;&#8230;&#8230;&#8230;&#8230;24\/39\u00b0<\/p>\n<p>Maghtaa Lahjar :&#8230;..24\/38\u00b0<\/p>\n<p>Bogh\u00e9 : &#8230;&#8230;&#8230;&#8230;&#8230;&#8230;&#8230;.23\/39\u00b0<\/p>\n<p>Rosso : &#8230;&#8230;&#8230;&#8230;&#8230;&#8230;&#8230;..22\/39\u00b0<\/p>\n<p>Ka\u00e9di :&#8230;&#8230;&#8230;&#8230;&#8230;&#8230;&#8230;&#8230;.23\/39\u00b0<\/p>\n<p>Maghama :&#8230;&#8230;&#8230;&#8230;&#8230;.21\/38\u00b0<\/p>\n<p>Mbout :&#8230;&#8230;&#8230;&#8230;&#8230;&#8230;&#8230;..23\/38\u00b0<\/p>\n<p>S\u00e9libaby :&#8230;&#8230;&#8230;&#8230;&#8230;&#8230;..21\/37\u00b0<\/p>\n<p>Kiffa : &#8230;&#8230;&#8230;&#8230;&#8230;&#8230;&#8230;&#8230;&#8230;20\/38\u00b0<\/p>\n<p>Kankossa :&#8230;&#8230;&#8230;&#8230;&#8230;&#8230;21\/38\u00b0<\/p>\n<p>Bark\u00e9ol :&#8230;&#8230;&#8230;&#8230;&#8230;&#8230;&#8230;.24\/38\u00b0<\/p>\n<p>Tidjikja :&#8230;&#8230;&#8230;&#8230;&#8230;&#8230;&#8230;..20\/34\u00b0<\/p>\n<p>Tichitt :&#8230;&#8230;&#8230;&#8230;&#8230;&#8230;&#8230;&#8230;.20\/36\u00b0<\/p>\n<p>A\u00efoune :&#8230;&#8230;&#8230;&#8230;&#8230;&#8230;&#8230;..20\/36\u00b0<\/p>\n<p>N\u00e9ma :&#8230;&#8230;&#8230;&#8230;&#8230;&#8230;&#8230;&#8230;.21\/35\u00b0<\/p>\n<p>Timbedra&#8230;&#8230;&#8230;&#8230;&#8230;&#8230;..20\/36\u00b0<\/p>\n<p>Oualata :&#8230;&#8230;&#8230;&#8230;&#8230;&#8230;&#8230;19\/35\u00b0<\/p>\n<p>Pr\u00e9visions pour les Zones c\u00f4ti\u00e8re et au Large:<\/p>\n<p>Le long du littoral, la mer sera peu agit\u00e9e agiter, la houle de direction Nord-est \u00e0 Sud-ouest avec une hauteur des vagues variera de 0,5 m \u00e0 2 m\u00e8tres.<\/p>\n","protected":false},"excerpt":{"rendered":"<p>La situation m\u00e9t\u00e9orologique en Mauritanie sera domin\u00e9e, au cours des prochaines 24 heures, par des vents faibles \u00e0 mod\u00e9r\u00e9s du secteur Est \u00e0 Sud-est sur l&#8217;ensemble du pays avec une visibilit\u00e9 affect\u00e9e par sable. Le ciel sera clair \u00e0 peu nuageux sur le sud et sud-ouest du territoire. Sur la ville de Nouakchott, les vents [&hellip;]<\/p>\n","protected":false},"author":10,"featured_media":209396,"comment_status":"open","ping_status":"open","sticky":false,"template":"","format":"standard","meta":{"footnotes":""},"categories":[63918,63957],"tags":[63990],"class_list":["post-210206","post","type-post","status-publish","format-standard","has-post-thumbnail","hentry","category-autres","category-fil-dactualite","tag-activites-gouvernementales"],"_links":{"self":[{"href":"https:\/\/ami.mr\/fr\/wp-json\/wp\/v2\/posts\/210206","targetHints":{"allow":["GET"]}}],"collection":[{"href":"https:\/\/ami.mr\/fr\/wp-json\/wp\/v2\/posts"}],"about":[{"href":"https:\/\/ami.mr\/fr\/wp-json\/wp\/v2\/types\/post"}],"author":[{"embeddable":true,"href":"https:\/\/ami.mr\/fr\/wp-json\/wp\/v2\/users\/10"}],"replies":[{"embeddable":true,"href":"https:\/\/ami.mr\/fr\/wp-json\/wp\/v2\/comments?post=210206"}],"version-history":[{"count":1,"href":"https:\/\/ami.mr\/fr\/wp-json\/wp\/v2\/posts\/210206\/revisions"}],"predecessor-version":[{"id":210207,"href":"https:\/\/ami.mr\/fr\/wp-json\/wp\/v2\/posts\/210206\/revisions\/210207"}],"wp:featuredmedia":[{"embeddable":true,"href":"https:\/\/ami.mr\/fr\/wp-json\/wp\/v2\/media\/209396"}],"wp:attachment":[{"href":"https:\/\/ami.mr\/fr\/wp-json\/wp\/v2\/media?parent=210206"}],"wp:term":[{"taxonomy":"category","embeddable":true,"href":"https:\/\/ami.mr\/fr\/wp-json\/wp\/v2\/categories?post=210206"},{"taxonomy":"post_tag","embeddable":true,"href":"https:\/\/ami.mr\/fr\/wp-json\/wp\/v2\/tags?post=210206"}],"curies":[{"name":"wp","href":"https:\/\/api.w.org\/{rel}","templated":true}]}}