{"id":210203,"date":"2022-11-15T13:25:47","date_gmt":"2022-11-15T13:25:47","guid":{"rendered":"https:\/\/ami.mr\/fr\/?p=210203"},"modified":"2022-11-15T15:00:50","modified_gmt":"2022-11-15T15:00:50","slug":"le-wali-du-trarza-insiste-sur-la-preservation-des-paturages-de-la-wilaya-3","status":"publish","type":"post","link":"https:\/\/ami.mr\/fr\/archives\/210203","title":{"rendered":"Le wali du Trarza insiste sur la pr\u00e9servation des p\u00e2turages de la wilaya"},"content":{"rendered":"<div class=\"cell auto-size\">\n<div class=\"set-border bd-gray padding10 margin10 no-margin-right no-margin-left \" dir=\"ltr\">\n<p>Le wali du Trarza, M. Mohamed Ould Ahmed Maouloud a pr\u00e9sid\u00e9 hier lundi deux r\u00e9unions \u00e0 M&#8217;balal et Keur-Mac\u00e8ne (moughataa de Keur-Mac\u00e8ne), dans le cadre de la visite de prise de contact qu&#8217;il entreprend dans la wilaya.<\/p>\n<p>Prenant la parole au cours de ces r\u00e9unions, en pr\u00e9sence des \u00e9lus, cadres et notables de la moughataa, le wali a abord\u00e9 les grandes r\u00e9alisations accomplies, ces derni\u00e8res ann\u00e9es, dans les domaines s\u00e9curitaires, de lutte contre la gabegie, des infrastructures en plus du consensus entre les acteurs politiques.<\/p>\n<p>Il pr\u00e9cis\u00e9 que la politique suivie par le gouvernement a permis de lutter contre l&#8217;iniquit\u00e9 et la marginalisation \u00e0 travers, entre autres, les op\u00e9rations de cash transfert, la r\u00e9alisation de projets g\u00e9n\u00e9rateurs de revenus, l&#8217;assurance maladie, l&#8217;assistance aux personnes en situation d&#8217;handicap et des patients de maladies chroniques.<\/p>\n<p>M. Mohamed Ould Ahmed Maouloud, qui a soulign\u00e9 l&#8217;importante contribution de l&#8217;agriculture et de l&#8217;\u00e9levage dans le processus du d\u00e9veloppement \u00e9conomique, a appel\u00e9 \u00e0 une exploitation judicieuse de ces deux secteurs au Trarza.<\/p>\n<p>Il a \u00e9galement invit\u00e9 \u00e0 la pr\u00e9servation du couvert v\u00e9g\u00e9tal contre les feux de brousse avant de souligner que la mise en place, cette ann\u00e9e, de l&#8217;\u00e9cole r\u00e9publicaine sera un instrument efficace de coh\u00e9sion sociale.<\/p>\n<p>De leur c\u00f4t\u00e9, le pr\u00e9sident du conseil r\u00e9gional du Trarza et les maires des communes visit\u00e9es ont salu\u00e9 les r\u00e9alisations du gouvernement au profit des citoyens, exprimant l&#8217;attachement des populations de la wilaya au Pr\u00e9sident de la R\u00e9publique et appel\u00e9 \u00e0 la recherche de solutions aux probl\u00e8mes pos\u00e9s \u00e0 ces localit\u00e9s.<\/p>\n<p>Les r\u00e9unions se sont d\u00e9roul\u00e9es en pr\u00e9sence du Hakem de Keur-Mac\u00e8ne.<\/p>\n<\/div>\n<\/div>\n","protected":false},"excerpt":{"rendered":"<p>Le wali du Trarza, M. Mohamed Ould Ahmed Maouloud a pr\u00e9sid\u00e9 hier lundi deux r\u00e9unions \u00e0 M&#8217;balal et Keur-Mac\u00e8ne (moughataa de Keur-Mac\u00e8ne), dans le cadre de la visite de prise de contact qu&#8217;il entreprend dans la wilaya. Prenant la parole au cours de ces r\u00e9unions, en pr\u00e9sence des \u00e9lus, cadres et notables de la moughataa, [&hellip;]<\/p>\n","protected":false},"author":10,"featured_media":210204,"comment_status":"open","ping_status":"open","sticky":false,"template":"","format":"standard","meta":{"footnotes":""},"categories":[63918,63957,8672],"tags":[],"class_list":["post-210203","post","type-post","status-publish","format-standard","has-post-thumbnail","hentry","category-autres","category-fil-dactualite","category-8672"],"_links":{"self":[{"href":"https:\/\/ami.mr\/fr\/wp-json\/wp\/v2\/posts\/210203","targetHints":{"allow":["GET"]}}],"collection":[{"href":"https:\/\/ami.mr\/fr\/wp-json\/wp\/v2\/posts"}],"about":[{"href":"https:\/\/ami.mr\/fr\/wp-json\/wp\/v2\/types\/post"}],"author":[{"embeddable":true,"href":"https:\/\/ami.mr\/fr\/wp-json\/wp\/v2\/users\/10"}],"replies":[{"embeddable":true,"href":"https:\/\/ami.mr\/fr\/wp-json\/wp\/v2\/comments?post=210203"}],"version-history":[{"count":1,"href":"https:\/\/ami.mr\/fr\/wp-json\/wp\/v2\/posts\/210203\/revisions"}],"predecessor-version":[{"id":210205,"href":"https:\/\/ami.mr\/fr\/wp-json\/wp\/v2\/posts\/210203\/revisions\/210205"}],"wp:featuredmedia":[{"embeddable":true,"href":"https:\/\/ami.mr\/fr\/wp-json\/wp\/v2\/media\/210204"}],"wp:attachment":[{"href":"https:\/\/ami.mr\/fr\/wp-json\/wp\/v2\/media?parent=210203"}],"wp:term":[{"taxonomy":"category","embeddable":true,"href":"https:\/\/ami.mr\/fr\/wp-json\/wp\/v2\/categories?post=210203"},{"taxonomy":"post_tag","embeddable":true,"href":"https:\/\/ami.mr\/fr\/wp-json\/wp\/v2\/tags?post=210203"}],"curies":[{"name":"wp","href":"https:\/\/api.w.org\/{rel}","templated":true}]}}