{"id":210200,"date":"2022-11-15T12:38:52","date_gmt":"2022-11-15T12:38:52","guid":{"rendered":"https:\/\/ami.mr\/fr\/?p=210200"},"modified":"2022-11-16T13:23:25","modified_gmt":"2022-11-16T13:23:25","slug":"le-ministre-de-leducation-nationale-sinforme-sur-le-deroulement-des-cours-a-lecole-salah-ben-abdel-wahab-de-sebkha","status":"publish","type":"post","link":"https:\/\/ami.mr\/fr\/archives\/210200","title":{"rendered":"Le ministre de l\u2019\u00c9ducation nationale s&#8217;informe sur le d\u00e9roulement des cours \u00e0 l&#8217;\u00e9cole &#8221; Salah Ben Abdel Wahab&#8221; de Sebkha"},"content":{"rendered":"<p>Le ministre de l\u2019\u00c9ducation nationale et de la R\u00e9forme du Syst\u00e8me \u00e9ducatif, M. Brahim Vall Ould Mohamed Lemine a visit\u00e9 mardi l&#8217;\u00e9cole &#8220;Salah Ben Abel Wahab&#8221; relevant de la moughataa de Sebkha (wilaya de Nouakchott-ouest) pour s&#8217;informer sur le d\u00e9roulement des cours dans cet \u00e9tablissement.<\/p>\n<p>Dans la cour de l&#8217;\u00e9cole, le ministre a assist\u00e9 \u00e0 la c\u00e9r\u00e9monie de lev\u00e9e de couleurs et dans les classes visit\u00e9es il a suivi le d\u00e9roulement des cours pr\u00e9sent\u00e9s.<\/p>\n<p>Cette visite s&#8217;inscrit dans le cadre de la mise en place de l&#8217;\u00e9cole r\u00e9publicaine et des efforts d\u00e9ploy\u00e9s par les pouvoirs publics pour sensibiliser \u00e0 la l&#8217;am\u00e9lioration de la qualit\u00e9 de l&#8217;enseignement.<\/p>\n<p>Le ministre \u00e9tait accompagn\u00e9, au cours de cette visite, par secr\u00e9taire g\u00e9n\u00e9ral du minist\u00e8re et le wali de Nouakchott ouest.<\/p>\n","protected":false},"excerpt":{"rendered":"<p>Le ministre de l\u2019\u00c9ducation nationale et de la R\u00e9forme du Syst\u00e8me \u00e9ducatif, M. Brahim Vall Ould Mohamed Lemine a visit\u00e9 mardi l&#8217;\u00e9cole &#8220;Salah Ben Abel Wahab&#8221; relevant de la moughataa de Sebkha (wilaya de Nouakchott-ouest) pour s&#8217;informer sur le d\u00e9roulement des cours dans cet \u00e9tablissement. Dans la cour de l&#8217;\u00e9cole, le ministre a assist\u00e9 \u00e0 [&hellip;]<\/p>\n","protected":false},"author":10,"featured_media":210201,"comment_status":"open","ping_status":"open","sticky":false,"template":"","format":"standard","meta":{"footnotes":""},"categories":[63918,63919,104,63957,63924],"tags":[],"class_list":["post-210200","post","type-post","status-publish","format-standard","has-post-thumbnail","hentry","category-autres","category-choix-du-redacteur","category-104","category-fil-dactualite","category-slider-culture"],"_links":{"self":[{"href":"https:\/\/ami.mr\/fr\/wp-json\/wp\/v2\/posts\/210200","targetHints":{"allow":["GET"]}}],"collection":[{"href":"https:\/\/ami.mr\/fr\/wp-json\/wp\/v2\/posts"}],"about":[{"href":"https:\/\/ami.mr\/fr\/wp-json\/wp\/v2\/types\/post"}],"author":[{"embeddable":true,"href":"https:\/\/ami.mr\/fr\/wp-json\/wp\/v2\/users\/10"}],"replies":[{"embeddable":true,"href":"https:\/\/ami.mr\/fr\/wp-json\/wp\/v2\/comments?post=210200"}],"version-history":[{"count":1,"href":"https:\/\/ami.mr\/fr\/wp-json\/wp\/v2\/posts\/210200\/revisions"}],"predecessor-version":[{"id":210202,"href":"https:\/\/ami.mr\/fr\/wp-json\/wp\/v2\/posts\/210200\/revisions\/210202"}],"wp:featuredmedia":[{"embeddable":true,"href":"https:\/\/ami.mr\/fr\/wp-json\/wp\/v2\/media\/210201"}],"wp:attachment":[{"href":"https:\/\/ami.mr\/fr\/wp-json\/wp\/v2\/media?parent=210200"}],"wp:term":[{"taxonomy":"category","embeddable":true,"href":"https:\/\/ami.mr\/fr\/wp-json\/wp\/v2\/categories?post=210200"},{"taxonomy":"post_tag","embeddable":true,"href":"https:\/\/ami.mr\/fr\/wp-json\/wp\/v2\/tags?post=210200"}],"curies":[{"name":"wp","href":"https:\/\/api.w.org\/{rel}","templated":true}]}}