{"id":210111,"date":"2022-11-14T14:05:59","date_gmt":"2022-11-14T14:05:59","guid":{"rendered":"https:\/\/ami.mr\/fr\/?p=210111"},"modified":"2022-11-14T15:29:16","modified_gmt":"2022-11-14T15:29:16","slug":"le-wali-du-hodh-el-gharbi-visite-lhopital-mobile","status":"publish","type":"post","link":"https:\/\/ami.mr\/fr\/archives\/210111","title":{"rendered":"Le wali du Hodh El Gharbi visite l\u2019H\u00f4pital mobile"},"content":{"rendered":"<div class=\"cell auto-size\">\n<div class=\"set-border bd-gray padding10 margin10 no-margin-right no-margin-left \" dir=\"ltr\">\n<p>Le wali du Hodh El Gharbi, M. Ahmeda Mamadou Kelly, a effectu\u00e9, ce lundi, une visite d&#8217;information aux \u00e9quipes hospitali\u00e8res mobiles install\u00e9es au centre m\u00e9dical d\u2019A\u00efoun, au Hodh charghi.<\/p>\n<p>Au cours de cette visite, le wali \u00e9t\u00e9 inform\u00e9 de fonctionnement des diff\u00e9rentes sp\u00e9cialit\u00e9s m\u00e9dicales de l&#8217;h\u00f4pital mobile et s&#8217;est enquis aupr\u00e8s des superviseurs de du d\u00e9roulement des op\u00e9rations et des obstacles pouvant affecter l\u2019accueil du plus grand nombre de patients, appelant le personnel soignant de l\u2019h\u00f4pital mobile \u00e0 tout mettre en \u0153uvre pour assurer le succ\u00e8s de cette op\u00e9ration pilote destin\u00e9e prioritairement \u00e0 rapprocher les services de sant\u00e9 des populations rurales et p\u00e9riurbaines.<\/p>\n<p>Le wali a \u00e9galement visit\u00e9 l&#8217;unit\u00e9 de don de sang, en place actuellement \u00e0 l&#8217;Universit\u00e9 des sciences islamiques pour recevoir les donneurs de sang parmi les \u00e9tudiants, les professeurs et le personnel administratif de l&#8217;universit\u00e9.<\/p>\n<p>A l&#8217;issue de la visite, le gouverneur a indiqu\u00e9 dans une d\u00e9claration au bureau de l&#8217;Agence Mauritanienne d\u2019Information, que sa tourn\u00e9e s\u2019inscrit dans le cadre du suivi des efforts d\u00e9ploy\u00e9s par le personnel m\u00e9dical en vue d&#8217;atteindre les objectifs souhait\u00e9s, et du souci d&#8217;\u00eatre \u00e0 l&#8217;\u00e9coute des citoyens pour s\u2019assurer qu\u2019ils b\u00e9n\u00e9ficient des services publics dans les meilleures conditions.<\/p>\n<p>Il a soulign\u00e9 qu\u2019en coordination avec le minist\u00e8re de la Sant\u00e9, le d\u00e9ficit en m\u00e9dicament a \u00e9t\u00e9 enti\u00e8rement combl\u00e9.<\/p>\n<p>M. Ahmeda Mamadou Kelly a ajout\u00e9, qu&#8217;au troisi\u00e8me jour de l&#8217;op\u00e9ration, le nombre de consultations sp\u00e9cialis\u00e9es a atteint 2 064 et le nombre d&#8217;interventions chirurgicales a atteint 180, ce qui refl\u00e8te la grande demande pour cet h\u00f4pital et l\u2019int\u00e9r\u00eat qu\u2019il repr\u00e9sente aux yeux des citoyens, remerciant l&#8217;Universit\u00e9 de Sciences islamiques pour le don de sang de ses \u00e9tudiants et personnels ; ce qui a \u00e9t\u00e9 d\u2019un grand soutien pour les op\u00e9rations men\u00e9es par l\u2019h\u00f4pital mobile.<\/p>\n<\/div>\n<\/div>\n","protected":false},"excerpt":{"rendered":"<p>Le wali du Hodh El Gharbi, M. Ahmeda Mamadou Kelly, a effectu\u00e9, ce lundi, une visite d&#8217;information aux \u00e9quipes hospitali\u00e8res mobiles install\u00e9es au centre m\u00e9dical d\u2019A\u00efoun, au Hodh charghi. Au cours de cette visite, le wali \u00e9t\u00e9 inform\u00e9 de fonctionnement des diff\u00e9rentes sp\u00e9cialit\u00e9s m\u00e9dicales de l&#8217;h\u00f4pital mobile et s&#8217;est enquis aupr\u00e8s des superviseurs de du [&hellip;]<\/p>\n","protected":false},"author":10,"featured_media":210112,"comment_status":"open","ping_status":"open","sticky":false,"template":"","format":"standard","meta":{"footnotes":""},"categories":[63918,63957,63923,8672],"tags":[],"class_list":["post-210111","post","type-post","status-publish","format-standard","has-post-thumbnail","hentry","category-autres","category-fil-dactualite","category-slider-wilayas","category-8672"],"_links":{"self":[{"href":"https:\/\/ami.mr\/fr\/wp-json\/wp\/v2\/posts\/210111","targetHints":{"allow":["GET"]}}],"collection":[{"href":"https:\/\/ami.mr\/fr\/wp-json\/wp\/v2\/posts"}],"about":[{"href":"https:\/\/ami.mr\/fr\/wp-json\/wp\/v2\/types\/post"}],"author":[{"embeddable":true,"href":"https:\/\/ami.mr\/fr\/wp-json\/wp\/v2\/users\/10"}],"replies":[{"embeddable":true,"href":"https:\/\/ami.mr\/fr\/wp-json\/wp\/v2\/comments?post=210111"}],"version-history":[{"count":1,"href":"https:\/\/ami.mr\/fr\/wp-json\/wp\/v2\/posts\/210111\/revisions"}],"predecessor-version":[{"id":210113,"href":"https:\/\/ami.mr\/fr\/wp-json\/wp\/v2\/posts\/210111\/revisions\/210113"}],"wp:featuredmedia":[{"embeddable":true,"href":"https:\/\/ami.mr\/fr\/wp-json\/wp\/v2\/media\/210112"}],"wp:attachment":[{"href":"https:\/\/ami.mr\/fr\/wp-json\/wp\/v2\/media?parent=210111"}],"wp:term":[{"taxonomy":"category","embeddable":true,"href":"https:\/\/ami.mr\/fr\/wp-json\/wp\/v2\/categories?post=210111"},{"taxonomy":"post_tag","embeddable":true,"href":"https:\/\/ami.mr\/fr\/wp-json\/wp\/v2\/tags?post=210111"}],"curies":[{"name":"wp","href":"https:\/\/api.w.org\/{rel}","templated":true}]}}