{"id":210107,"date":"2022-11-14T13:44:31","date_gmt":"2022-11-14T13:44:31","guid":{"rendered":"https:\/\/ami.mr\/fr\/?p=210107"},"modified":"2022-11-14T14:29:14","modified_gmt":"2022-11-14T14:29:14","slug":"aleg-lancement-du-projet-dappui-a-lemployabilite-et-a-linsertion-des-jeunes","status":"publish","type":"post","link":"https:\/\/ami.mr\/fr\/archives\/210107","title":{"rendered":"Aleg : Lancement du projet d&#8217;appui \u00e0 l&#8217;employabilit\u00e9 et \u00e0 l&#8217;insertion des jeunes"},"content":{"rendered":"<p>le ministre de l&#8217;Emploi et de la Formation professionnelle, M. Niang Mamoudou, a supervis\u00e9, ce lundi \u00e0 Aleg, en compagnie du wali du Brakna, M. Mohamed Ould Salek, le lancement d\u2019un projet d&#8217;appui \u00e0 l&#8217;employabilit\u00e9 et \u00e0 l&#8217;insertion socio\u00e9conomique des jeunes de 15 \u00e0 24 ans qui n&#8217;exercent aucun travail et n&#8217;ont pas eu l\u2019opportunit\u00e9 de parachever leur parcours scolaire.<\/p>\n<p>Le ministre a soulign\u00e9 que la question de l&#8217;emploi, en particulier l&#8217;emploi des jeunes et des femmes, est l\u2019une des plus importantes priorit\u00e9s figurant au titre des engagements de Son Excellence le Pr\u00e9sident de la R\u00e9publique, M. Mohamed Ould Cheikh El Ghazouani.<\/p>\n<p>Il a pr\u00e9cis\u00e9 que ce projet d&#8217;appui \u00e0 l&#8217;employabilit\u00e9 et \u00e0 l&#8217;insertion des jeunes s&#8217;inscrit dans le cadre de la formation et de l&#8217;insertion des jeunes pour leur offrir des opportunit\u00e9s d&#8217;emploi et favoriser leur insertion \u00e9conomique et sociale.<\/p>\n<p>Le ministre a ajout\u00e9 que 24 757 jeunes hommes et femmes seront cibl\u00e9s par des campagnes de communication et de sensibilisation et 4 000 jeunes hommes dont 50% de filles b\u00e9n\u00e9ficieront de formations qualifiantes.<\/p>\n<p>Le wali de Barakna, M. Mohamed Ould Salek, s\u2019est r\u00e9joui du lancement du projet qu\u2019il a qualifi\u00e9 de d\u00e9terminant dans la formation des jeunes hommes et femmes.<\/p>\n<p>Le chef de la R\u00e9gion de Brakna, M. Moustapha Ould Mohamed Mahmoud, a soulign\u00e9 que la formation et l&#8217;emploi occupent une place importante dans la politique et les programmes des pouvoirs publics et constituent un pilier fondamental du programme du Pr\u00e9sident de la R\u00e9publique, M. Mohamed Ould Cheikh El Ghazouani, en raison de son importance dans la construction d\u2019une nation.<\/p>\n<p>Auparavant, le ministre de l&#8217;Emploi et de la Formation professionnelle, toujours en compagnie du wali du Brakna, avait visit\u00e9 l&#8217;Ecole n\u00b05 d\u2019Aleg avant de se rendre dans plusieurs structures publiques de la moughataa, notamment l&#8217;Agence pour l&#8217;emploi et l&#8217;\u00c9cole d&#8217;enseignement technique et de formation professionnelle, pour s\u2019enqu\u00e9rir de leur bon fonctionnement.<\/p>\n","protected":false},"excerpt":{"rendered":"<p>le ministre de l&#8217;Emploi et de la Formation professionnelle, M. Niang Mamoudou, a supervis\u00e9, ce lundi \u00e0 Aleg, en compagnie du wali du Brakna, M. Mohamed Ould Salek, le lancement d\u2019un projet d&#8217;appui \u00e0 l&#8217;employabilit\u00e9 et \u00e0 l&#8217;insertion socio\u00e9conomique des jeunes de 15 \u00e0 24 ans qui n&#8217;exercent aucun travail et n&#8217;ont pas eu l\u2019opportunit\u00e9 [&hellip;]<\/p>\n","protected":false},"author":10,"featured_media":210110,"comment_status":"open","ping_status":"open","sticky":false,"template":"","format":"standard","meta":{"footnotes":""},"categories":[63920,63919,63957,63923,8672],"tags":[],"class_list":["post-210107","post","type-post","status-publish","format-standard","has-post-thumbnail","hentry","category-a-la-une","category-choix-du-redacteur","category-fil-dactualite","category-slider-wilayas","category-8672"],"_links":{"self":[{"href":"https:\/\/ami.mr\/fr\/wp-json\/wp\/v2\/posts\/210107","targetHints":{"allow":["GET"]}}],"collection":[{"href":"https:\/\/ami.mr\/fr\/wp-json\/wp\/v2\/posts"}],"about":[{"href":"https:\/\/ami.mr\/fr\/wp-json\/wp\/v2\/types\/post"}],"author":[{"embeddable":true,"href":"https:\/\/ami.mr\/fr\/wp-json\/wp\/v2\/users\/10"}],"replies":[{"embeddable":true,"href":"https:\/\/ami.mr\/fr\/wp-json\/wp\/v2\/comments?post=210107"}],"version-history":[{"count":1,"href":"https:\/\/ami.mr\/fr\/wp-json\/wp\/v2\/posts\/210107\/revisions"}],"predecessor-version":[{"id":210109,"href":"https:\/\/ami.mr\/fr\/wp-json\/wp\/v2\/posts\/210107\/revisions\/210109"}],"wp:featuredmedia":[{"embeddable":true,"href":"https:\/\/ami.mr\/fr\/wp-json\/wp\/v2\/media\/210110"}],"wp:attachment":[{"href":"https:\/\/ami.mr\/fr\/wp-json\/wp\/v2\/media?parent=210107"}],"wp:term":[{"taxonomy":"category","embeddable":true,"href":"https:\/\/ami.mr\/fr\/wp-json\/wp\/v2\/categories?post=210107"},{"taxonomy":"post_tag","embeddable":true,"href":"https:\/\/ami.mr\/fr\/wp-json\/wp\/v2\/tags?post=210107"}],"curies":[{"name":"wp","href":"https:\/\/api.w.org\/{rel}","templated":true}]}}