{"id":209860,"date":"2022-11-10T13:13:42","date_gmt":"2022-11-10T13:13:42","guid":{"rendered":"https:\/\/ami.mr\/fr\/?p=209860"},"modified":"2022-11-10T13:20:45","modified_gmt":"2022-11-10T13:20:45","slug":"lancement-de-la-caravane-nationale-de-sensibilisation-aux-lois-contre-la-traite-des-personnes","status":"publish","type":"post","link":"https:\/\/ami.mr\/fr\/archives\/209860","title":{"rendered":"Lancement de la caravane nationale de sensibilisation aux lois contre la traite des personnes"},"content":{"rendered":"<p>Le commissaire aux Droits de l&#8217;Homme, \u00e0 l&#8217;Action humanitaire et aux Relations avec la Soci\u00e9t\u00e9 civile, M. Cheikh Ahmedou Ould Ahmed Salem Ould Sidi, accompagn\u00e9 du wali de Dakhlet-Nouadhibou, M. Yahya Ould Cheikh Mohamed Vall, a donn\u00e9, mercredi, depuis le Centre municipal \u00ab Savoir pour Tous \u00bb \u00e0 Nouadhibou, le signal de lancement des activit\u00e9s du de la caravane nationale de sensibilisation aux lois contre la traite des personnes, l&#8217;esclavage, la discrimination et la torture.<\/p>\n<p>A cette occasion, le commissaire a prononc\u00e9 une allocution dans laquelle il a salu\u00e9 les efforts des organisations de la soci\u00e9t\u00e9 civile, qui ont contribu\u00e9 de mani\u00e8re significative et efficace \u00e0 \u00e9lever le niveau de sensibilisation aux droits et libert\u00e9s dans le pays et se sont tenus aux c\u00f4t\u00e9s de toutes les victimes des violations de droits et de libert\u00e9 en les accompagnant dans leurs d\u00e9marches.<\/p>\n<p>Il a ajout\u00e9, que cette campagne de sensibilisation est une \u00e9tape importante pour incarner le contenu du c\u00e9l\u00e8bre discours de Ouadane, dans lequel Son Excellence le Pr\u00e9sident de la R\u00e9publique, M. Mohamed Ould Cheikh El Ghazouani, a appel\u00e9 \u00e0 surmonter les survivances de comportements surann\u00e9s ainsi que les pr\u00e9jug\u00e9s et st\u00e9r\u00e9otypes en porte-\u00e0-faux avec la dynamique de modernisation en cours conduite par le gouvernement.<\/p>\n<p>A son tour, le responsable de la plateforme r\u00e9gionale de la soci\u00e9t\u00e9 civile, M. Yahya Ould Dedde, a remerci\u00e9 les autorit\u00e9s locales pour leur soutien et leur accompagnement des efforts de la soci\u00e9t\u00e9 civile.<\/p>\n<p>Il a ajout\u00e9 que la caravane sillonnera parcourra toutes les wilayas du pays, appelant tous les citoyens \u00e0 interagir la caravane et \u00e0 appuyer ses efforts de sensibilisation.<\/p>\n<p>Auparavant, le commissaire avait visit\u00e9 la prison civile de Nouadhibou, o\u00f9 il s\u2019est enquis des conditions carc\u00e9rales des d\u00e9tenus, s\u2019assurant du respect de leurs droits.<\/p>\n<p>Le lancement de la caravane s&#8217;est d\u00e9roul\u00e9 en pr\u00e9sence du pr\u00e9sident du M\u00e9canisme national de pr\u00e9vention de la torture, du secr\u00e9taire g\u00e9n\u00e9ral de l&#8217;Association des savants, du repr\u00e9sentant du Haut-Commissariat des Nations unies aux droits de l&#8217;homme, du procureur de la R\u00e9publique, du hakem de Nouadhibou, de son maire et de plusieurs autres responsables d\u2019institutions nationales et de structures r\u00e9gionales.<\/p>\n","protected":false},"excerpt":{"rendered":"<p>Le commissaire aux Droits de l&#8217;Homme, \u00e0 l&#8217;Action humanitaire et aux Relations avec la Soci\u00e9t\u00e9 civile, M. Cheikh Ahmedou Ould Ahmed Salem Ould Sidi, accompagn\u00e9 du wali de Dakhlet-Nouadhibou, M. Yahya Ould Cheikh Mohamed Vall, a donn\u00e9, mercredi, depuis le Centre municipal \u00ab Savoir pour Tous \u00bb \u00e0 Nouadhibou, le signal de lancement des activit\u00e9s [&hellip;]<\/p>\n","protected":false},"author":11,"featured_media":209861,"comment_status":"open","ping_status":"open","sticky":false,"template":"","format":"standard","meta":{"footnotes":""},"categories":[63920,63919,63957,63923,8672],"tags":[],"class_list":["post-209860","post","type-post","status-publish","format-standard","has-post-thumbnail","hentry","category-a-la-une","category-choix-du-redacteur","category-fil-dactualite","category-slider-wilayas","category-8672"],"_links":{"self":[{"href":"https:\/\/ami.mr\/fr\/wp-json\/wp\/v2\/posts\/209860","targetHints":{"allow":["GET"]}}],"collection":[{"href":"https:\/\/ami.mr\/fr\/wp-json\/wp\/v2\/posts"}],"about":[{"href":"https:\/\/ami.mr\/fr\/wp-json\/wp\/v2\/types\/post"}],"author":[{"embeddable":true,"href":"https:\/\/ami.mr\/fr\/wp-json\/wp\/v2\/users\/11"}],"replies":[{"embeddable":true,"href":"https:\/\/ami.mr\/fr\/wp-json\/wp\/v2\/comments?post=209860"}],"version-history":[{"count":1,"href":"https:\/\/ami.mr\/fr\/wp-json\/wp\/v2\/posts\/209860\/revisions"}],"predecessor-version":[{"id":209862,"href":"https:\/\/ami.mr\/fr\/wp-json\/wp\/v2\/posts\/209860\/revisions\/209862"}],"wp:featuredmedia":[{"embeddable":true,"href":"https:\/\/ami.mr\/fr\/wp-json\/wp\/v2\/media\/209861"}],"wp:attachment":[{"href":"https:\/\/ami.mr\/fr\/wp-json\/wp\/v2\/media?parent=209860"}],"wp:term":[{"taxonomy":"category","embeddable":true,"href":"https:\/\/ami.mr\/fr\/wp-json\/wp\/v2\/categories?post=209860"},{"taxonomy":"post_tag","embeddable":true,"href":"https:\/\/ami.mr\/fr\/wp-json\/wp\/v2\/tags?post=209860"}],"curies":[{"name":"wp","href":"https:\/\/api.w.org\/{rel}","templated":true}]}}