{"id":209851,"date":"2022-11-10T12:08:46","date_gmt":"2022-11-10T12:08:46","guid":{"rendered":"https:\/\/ami.mr\/fr\/?p=209851"},"modified":"2022-11-10T12:08:46","modified_gmt":"2022-11-10T12:08:46","slug":"le-wali-du-trarza-les-efforts-de-letat-ont-permis-de-rationaliser-la-gestion-des-finances-publiques","status":"publish","type":"post","link":"https:\/\/ami.mr\/fr\/archives\/209851","title":{"rendered":"Le wali du Trarza : \u00ab Les efforts de l\u2019\u00c9tat ont permis de rationaliser la gestion des finances publiques \u00bb"},"content":{"rendered":"<p>Le wali du Trarza, M. Mohamed Ould Ahmed Mouloud, a pr\u00e9sid\u00e9, mercredi, dans le cadre d\u2019une visite qu\u2019il entreprend actuellement dans la wilaya, deux r\u00e9unions, la premi\u00e8re \u00e0 Boutilimitt et la seconde dans le chef-lieu de la commune d&#8217;Al-Maysar, auxquelles ont particip\u00e9 des \u00e9lus, des fonctionnaires et des dignitaires.<\/p>\n<p>Au cours des deux rencontres, le wali a indiqu\u00e9 que sa visite est dict\u00e9e par le souci de rapprocher l&#8217;administration des citoyens et de voir de pr\u00e8s leurs la situation des populations conform\u00e9ment aux instructions de Son Excellence le Pr\u00e9sident de la R\u00e9publique, M. Mohamed Ould Cheikh El Ghazouani.<\/p>\n<p>Il a ajout\u00e9 que le pays conna\u00eet actuellement un certain nombre de r\u00e9alisations importantes \u00e0 tous les niveaux et un consensus national sans pr\u00e9c\u00e9dent entre les diff\u00e9rents partis politiques pour la premi\u00e8re fois dans l&#8217;histoire de la Mauritanie. Cela a permis de construire des passerelles et d\u2019\u00e9tablir une synergie entre les diff\u00e9rents acteurs ainsi que d\u2019entrevoir, dans un contexte apais\u00e9, les perspectives qu\u2019ouvre le projet de soci\u00e9t\u00e9 du Pr\u00e9sident de la R\u00e9publique pour la construction d\u2019une Mauritanie plus juste, plus \u00e9galitaire tourn\u00e9e vers le progr\u00e8s et la prosp\u00e9rit\u00e9.<\/p>\n<p>Il a soulign\u00e9 que les mesures proactives prises par l&#8217;\u00c9tat pour faire face \u00e0 la pand\u00e9mie de Corona ont obtenu des r\u00e9sultats satisfaisants qui ont d\u00e9pass\u00e9 les attentes, et que les efforts de l&#8217;\u00c9tat dans les secteurs de l\u2019agriculture et de l\u2019\u00e9levage ont obtenu des r\u00e9sultats appr\u00e9ciables.<\/p>\n<p>Le wali a ajout\u00e9 que le projet de l&#8217;\u00e9cole r\u00e9publicaine, dont l\u2019ex\u00e9cution a d\u00e9but\u00e9 au cours de la pr\u00e9sente ann\u00e9e scolaire, constitue un facteur d&#8217;enrichissement et de force pour la communaut\u00e9 et permettra la consolidation de l\u2019unit\u00e9 et de la coh\u00e9sion nationales.<\/p>\n<p>Il a fait observer qu\u2019outre la r\u00e9alisation des grands projets structurants dans les diff\u00e9rents domaines, et la conduite de profondes r\u00e9formes sectorielles, l\u2019efficacit\u00e9 et la transparence dans la gestion des deniers publics a connu de grands progr\u00e8s gr\u00e2ce \u00e0 l\u2019activation des structures publiques de contr\u00f4le, le suivi de la gestion des entit\u00e9s publiques et la rigueur dans l\u2019ex\u00e9cution de leur budget.<\/p>\n<p>Dans le cadre de la pr\u00e9servation des deniers publics, l\u2019\u00c9tat a fait de grands efforts pour recouvrer, rationaliser et g\u00e9rer les deniers publics et des r\u00e9sultats satisfaisants ont \u00e9t\u00e9 obtenus.<\/p>\n<p>Par ailleurs, il a appel\u00e9 \u00e0 la pr\u00e9servation du couvert v\u00e9g\u00e9tal contre les feux de brousse, et \u00e0 s\u2019abstenir d\u2019abattre les arbres et d\u2019\u00e9viter les implantations p\u00e9riurbaines anarchiques qui constituent un obstacle \u00e0 la fourniture par l&#8217;\u00c9tat des services de base.<\/p>\n","protected":false},"excerpt":{"rendered":"<p>Le wali du Trarza, M. Mohamed Ould Ahmed Mouloud, a pr\u00e9sid\u00e9, mercredi, dans le cadre d\u2019une visite qu\u2019il entreprend actuellement dans la wilaya, deux r\u00e9unions, la premi\u00e8re \u00e0 Boutilimitt et la seconde dans le chef-lieu de la commune d&#8217;Al-Maysar, auxquelles ont particip\u00e9 des \u00e9lus, des fonctionnaires et des dignitaires. Au cours des deux rencontres, le [&hellip;]<\/p>\n","protected":false},"author":11,"featured_media":209852,"comment_status":"open","ping_status":"open","sticky":false,"template":"","format":"standard","meta":{"footnotes":""},"categories":[63918,63957,63923,8672],"tags":[],"class_list":["post-209851","post","type-post","status-publish","format-standard","has-post-thumbnail","hentry","category-autres","category-fil-dactualite","category-slider-wilayas","category-8672"],"_links":{"self":[{"href":"https:\/\/ami.mr\/fr\/wp-json\/wp\/v2\/posts\/209851","targetHints":{"allow":["GET"]}}],"collection":[{"href":"https:\/\/ami.mr\/fr\/wp-json\/wp\/v2\/posts"}],"about":[{"href":"https:\/\/ami.mr\/fr\/wp-json\/wp\/v2\/types\/post"}],"author":[{"embeddable":true,"href":"https:\/\/ami.mr\/fr\/wp-json\/wp\/v2\/users\/11"}],"replies":[{"embeddable":true,"href":"https:\/\/ami.mr\/fr\/wp-json\/wp\/v2\/comments?post=209851"}],"version-history":[{"count":1,"href":"https:\/\/ami.mr\/fr\/wp-json\/wp\/v2\/posts\/209851\/revisions"}],"predecessor-version":[{"id":209853,"href":"https:\/\/ami.mr\/fr\/wp-json\/wp\/v2\/posts\/209851\/revisions\/209853"}],"wp:featuredmedia":[{"embeddable":true,"href":"https:\/\/ami.mr\/fr\/wp-json\/wp\/v2\/media\/209852"}],"wp:attachment":[{"href":"https:\/\/ami.mr\/fr\/wp-json\/wp\/v2\/media?parent=209851"}],"wp:term":[{"taxonomy":"category","embeddable":true,"href":"https:\/\/ami.mr\/fr\/wp-json\/wp\/v2\/categories?post=209851"},{"taxonomy":"post_tag","embeddable":true,"href":"https:\/\/ami.mr\/fr\/wp-json\/wp\/v2\/tags?post=209851"}],"curies":[{"name":"wp","href":"https:\/\/api.w.org\/{rel}","templated":true}]}}