{"id":209842,"date":"2022-11-10T11:11:18","date_gmt":"2022-11-10T11:11:18","guid":{"rendered":"https:\/\/ami.mr\/fr\/?p=209842"},"modified":"2022-11-10T11:11:18","modified_gmt":"2022-11-10T11:11:18","slug":"le-president-de-la-republique-felicite-son-homologue-angolais-8","status":"publish","type":"post","link":"https:\/\/ami.mr\/fr\/archives\/209842","title":{"rendered":"Le Pr\u00e9sident de la R\u00e9publique f\u00e9licite son homologue angolais"},"content":{"rendered":"<p>Le Pr\u00e9sident de la R\u00e9publique, M. Mohamed Ould Cheikh El Ghazouani a adress\u00e9 un message de f\u00e9licitations \u00e0 Son Excellence Monsieur Joao Lorenzo Pr\u00e9sident de la R\u00e9publique de l\u2019Angola \u00e0 l\u2019occasion de la f\u00eate nationale de son pays.<\/p>\n<p>Le message est ainsi libell\u00e9 :<\/p>\n<p>\u00ab Excellence et cher fr\u00e8re,<\/p>\n<p>A l\u2019occasion de la c\u00e9l\u00e9bration de la f\u00eate nationale de votre pays, il m\u2019est agr\u00e9able d\u2019exprimer \u00e0 votre excellence mes chaleureuses f\u00e9licitations et de souhaiter au peuple angolais fr\u00e8re davantage de progr\u00e8s et de prosp\u00e9rit\u00e9.<\/p>\n<p>C\u2019est le lieu de vous r\u00e9it\u00e9rer notre volont\u00e9 de poursuivre les efforts pour renforcer et d\u00e9velopper les relations de coop\u00e9ration existant entre nos deux pays pour servir les int\u00e9r\u00eats des deux peuples fr\u00e8res.<\/p>\n<p>Veuillez agr\u00e9er, Excellence et cher fr\u00e8re, l\u2019expression de ma tr\u00e8s haute consid\u00e9ration.<\/p>\n<p>Votre fr\u00e8re Mohamed Ould Cheikh El Ghazouani. \u00bb<\/p>\n","protected":false},"excerpt":{"rendered":"<p>Le Pr\u00e9sident de la R\u00e9publique, M. Mohamed Ould Cheikh El Ghazouani a adress\u00e9 un message de f\u00e9licitations \u00e0 Son Excellence Monsieur Joao Lorenzo Pr\u00e9sident de la R\u00e9publique de l\u2019Angola \u00e0 l\u2019occasion de la f\u00eate nationale de son pays. Le message est ainsi libell\u00e9 : \u00ab Excellence et cher fr\u00e8re, A l\u2019occasion de la c\u00e9l\u00e9bration de [&hellip;]<\/p>\n","protected":false},"author":11,"featured_media":209843,"comment_status":"open","ping_status":"open","sticky":false,"template":"","format":"standard","meta":{"footnotes":""},"categories":[63919,63957,25,63921,63926],"tags":[],"class_list":["post-209842","post","type-post","status-publish","format-standard","has-post-thumbnail","hentry","category-choix-du-redacteur","category-fil-dactualite","category-25","category-slider-afficher","category-slider-general"],"_links":{"self":[{"href":"https:\/\/ami.mr\/fr\/wp-json\/wp\/v2\/posts\/209842","targetHints":{"allow":["GET"]}}],"collection":[{"href":"https:\/\/ami.mr\/fr\/wp-json\/wp\/v2\/posts"}],"about":[{"href":"https:\/\/ami.mr\/fr\/wp-json\/wp\/v2\/types\/post"}],"author":[{"embeddable":true,"href":"https:\/\/ami.mr\/fr\/wp-json\/wp\/v2\/users\/11"}],"replies":[{"embeddable":true,"href":"https:\/\/ami.mr\/fr\/wp-json\/wp\/v2\/comments?post=209842"}],"version-history":[{"count":1,"href":"https:\/\/ami.mr\/fr\/wp-json\/wp\/v2\/posts\/209842\/revisions"}],"predecessor-version":[{"id":209844,"href":"https:\/\/ami.mr\/fr\/wp-json\/wp\/v2\/posts\/209842\/revisions\/209844"}],"wp:featuredmedia":[{"embeddable":true,"href":"https:\/\/ami.mr\/fr\/wp-json\/wp\/v2\/media\/209843"}],"wp:attachment":[{"href":"https:\/\/ami.mr\/fr\/wp-json\/wp\/v2\/media?parent=209842"}],"wp:term":[{"taxonomy":"category","embeddable":true,"href":"https:\/\/ami.mr\/fr\/wp-json\/wp\/v2\/categories?post=209842"},{"taxonomy":"post_tag","embeddable":true,"href":"https:\/\/ami.mr\/fr\/wp-json\/wp\/v2\/tags?post=209842"}],"curies":[{"name":"wp","href":"https:\/\/api.w.org\/{rel}","templated":true}]}}