{"id":209476,"date":"2022-11-04T18:49:09","date_gmt":"2022-11-04T18:49:09","guid":{"rendered":"https:\/\/ami.mr\/fr\/?p=209476"},"modified":"2022-11-04T18:49:09","modified_gmt":"2022-11-04T18:49:09","slug":"le-ministre-de-lemploi-et-de-la-formation-professionnelle-recoit-lambassadeur-du-royaume-du-maroc","status":"publish","type":"post","link":"https:\/\/ami.mr\/fr\/archives\/209476","title":{"rendered":"Le ministre de l\u2019Emploi et de la Formation professionnelle re\u00e7oit l\u2019ambassadeur du Royaume du Maroc"},"content":{"rendered":"<div class=\"row\"><\/div>\n<div class=\"row\">\n<div class=\"cell auto-size\">\n<div class=\"set-border bd-gray padding10 margin10 no-margin-right no-margin-left \" dir=\"ltr\">\n<p>Le ministre de l\u2019Emploi et de la Formation professionnelle, M. Niang Mamoudou, a re\u00e7u en audience, vendredi, SEM Hamid Chabar ambassadeur du Royaume du Maroc accr\u00e9dit\u00e9 en Mauritanie.<\/p>\n<p>La r\u00e9union a \u00e9t\u00e9 l\u2019occasion de revenir sur le cadre \u00e9troit de coop\u00e9ration entre la Mauritanie et le Royaume du Maroc, partenaire important et pays fr\u00e8re, contribuant de mani\u00e8re globale \u00e0 la promotion de la formation professionnelle.<\/p>\n<p>Pour rappel, une convention a \u00e9t\u00e9 sign\u00e9e entre le Maroc et la Mauritanie en mars dernier, visant \u00e0 mettre en place un cadre de coop\u00e9ration dans le domaine de la formation professionnelle \u00e0 travers l\u2019accompagnement par l\u2019Office de la Formation professionnelle et de la Promotion du travail (OFPPT) marocain pour la modernisation du dispositif de la formation professionnelle en Mauritanie.<\/p>\n<p>C\u2019est \u00e0 travers cette coop\u00e9ration, que cette ann\u00e9e, 30 places d\u2019\u00e9tudes pour une formation de Brevet de Techniciens Sup\u00e9rieur (BTS) dans les \u00e9tablissements de formation au Maroc ont \u00e9t\u00e9 offertes \u00e0 de jeunes mauritaniens pour des sp\u00e9cialit\u00e9s requises pour les besoins de l\u2019\u00e9conomie nationales, non disponibles dans notre offre de formation, et jug\u00e9es prioritaire par le d\u00e9partement.<\/p>\n<p>De nouvelles voies de collaboration ont \u00e9galement \u00e9t\u00e9 abord\u00e9es lors de cette rencontre, toujours dans l\u2019optique d\u2019am\u00e9liorer le dispositif de la formation professionnelle et l\u2019insertion des jeunes mauritaniens sur le march\u00e9 du travail.<\/p>\n<p>La rencontre s\u2019est d\u00e9roul\u00e9e en pr\u00e9sence du secr\u00e9taire g\u00e9n\u00e9ral du minist\u00e8re, M. Cheibetta Habib Sidi Maouloud, du directeur g\u00e9n\u00e9ral de la Formation technique et professionnelle, M. Sid\u2019Ahmed Iyoh et du directeur des Etudes, de la Planification et de la Coop\u00e9ration, M. Mohamed Moustapha.<\/p>\n<\/div>\n<\/div>\n<\/div>\n","protected":false},"excerpt":{"rendered":"<p>Le ministre de l\u2019Emploi et de la Formation professionnelle, M. Niang Mamoudou, a re\u00e7u en audience, vendredi, SEM Hamid Chabar ambassadeur du Royaume du Maroc accr\u00e9dit\u00e9 en Mauritanie. La r\u00e9union a \u00e9t\u00e9 l\u2019occasion de revenir sur le cadre \u00e9troit de coop\u00e9ration entre la Mauritanie et le Royaume du Maroc, partenaire important et pays fr\u00e8re, contribuant [&hellip;]<\/p>\n","protected":false},"author":8,"featured_media":209477,"comment_status":"open","ping_status":"open","sticky":false,"template":"","format":"standard","meta":{"footnotes":""},"categories":[63918,63919,63957],"tags":[],"class_list":["post-209476","post","type-post","status-publish","format-standard","has-post-thumbnail","hentry","category-autres","category-choix-du-redacteur","category-fil-dactualite"],"_links":{"self":[{"href":"https:\/\/ami.mr\/fr\/wp-json\/wp\/v2\/posts\/209476","targetHints":{"allow":["GET"]}}],"collection":[{"href":"https:\/\/ami.mr\/fr\/wp-json\/wp\/v2\/posts"}],"about":[{"href":"https:\/\/ami.mr\/fr\/wp-json\/wp\/v2\/types\/post"}],"author":[{"embeddable":true,"href":"https:\/\/ami.mr\/fr\/wp-json\/wp\/v2\/users\/8"}],"replies":[{"embeddable":true,"href":"https:\/\/ami.mr\/fr\/wp-json\/wp\/v2\/comments?post=209476"}],"version-history":[{"count":1,"href":"https:\/\/ami.mr\/fr\/wp-json\/wp\/v2\/posts\/209476\/revisions"}],"predecessor-version":[{"id":209478,"href":"https:\/\/ami.mr\/fr\/wp-json\/wp\/v2\/posts\/209476\/revisions\/209478"}],"wp:featuredmedia":[{"embeddable":true,"href":"https:\/\/ami.mr\/fr\/wp-json\/wp\/v2\/media\/209477"}],"wp:attachment":[{"href":"https:\/\/ami.mr\/fr\/wp-json\/wp\/v2\/media?parent=209476"}],"wp:term":[{"taxonomy":"category","embeddable":true,"href":"https:\/\/ami.mr\/fr\/wp-json\/wp\/v2\/categories?post=209476"},{"taxonomy":"post_tag","embeddable":true,"href":"https:\/\/ami.mr\/fr\/wp-json\/wp\/v2\/tags?post=209476"}],"curies":[{"name":"wp","href":"https:\/\/api.w.org\/{rel}","templated":true}]}}