{"id":209467,"date":"2022-11-04T17:22:57","date_gmt":"2022-11-04T17:22:57","guid":{"rendered":"https:\/\/ami.mr\/fr\/?p=209467"},"modified":"2022-11-04T17:22:57","modified_gmt":"2022-11-04T17:22:57","slug":"le-ministre-secretaire-general-du-gouvernement-sentretient-avec-le-representant-du-pnud","status":"publish","type":"post","link":"https:\/\/ami.mr\/fr\/archives\/209467","title":{"rendered":"Le ministre secr\u00e9taire g\u00e9n\u00e9ral du Gouvernement s\u2019entretient avec le repr\u00e9sentant du Pnud"},"content":{"rendered":"<div class=\"row\">\n<div class=\"cell auto-size bd-gray\" dir=\"ltr\"><\/div>\n<\/div>\n<div class=\"row\">\n<div class=\"cell auto-size\">\n<div class=\"set-border bd-gray padding10 margin10 no-margin-right no-margin-left \" dir=\"ltr\">\n<p>Le ministre secr\u00e9taire g\u00e9n\u00e9ral du Gouvernement, M. Moctar Al Housseyni Lam, s\u2019est entretenu ce vendredi, dans son bureau, avec le repr\u00e9sentant r\u00e9sident du Programme des Nations Unies pour le D\u00e9veloppement(PNUD) en Mauritanie, M. Mansour Enjari.<\/p>\n<p>La rencontre a port\u00e9 sur tous les domaines de coop\u00e9ration entre notre pays et cette organisation onusienne ainsi que sur les voies et moyens de les d\u00e9velopper davantage.<\/p>\n<p>Signalons que le minist\u00e8re secr\u00e9tariat g\u00e9n\u00e9ral du gouvernement s\u2019appr\u00eate \u00e0 lancer une plateforme num\u00e9rique destin\u00e9e \u00e0 coordonner l\u2019action du gouvernement et de suivre les indicateurs de performance et ce en collaboration avec les partenaires techniques de la Mauritanie, notamment le Pnud et en coordination avec le minist\u00e8re de la Transformation num\u00e9rique, de l\u2019innovation et de la modernisation de l\u2019administration.<\/p>\n<p>La rencontre s\u2019est d\u00e9roul\u00e9e en pr\u00e9sence du secr\u00e9taire g\u00e9n\u00e9ral adjoint du gouvernement, M. Mohamed Ishagh Saad Sidelemine, de la directrice g\u00e9n\u00e9rale charg\u00e9e de la coordination de l\u2019action gouvernementale, Mme Salka Maalainine Robert, du directeur g\u00e9n\u00e9ral de la l\u00e9gislation et de la traduction et du Journal Officiel, El Arbi Ould Khtour.<\/p>\n<\/div>\n<\/div>\n<\/div>\n","protected":false},"excerpt":{"rendered":"<p>Le ministre secr\u00e9taire g\u00e9n\u00e9ral du Gouvernement, M. Moctar Al Housseyni Lam, s\u2019est entretenu ce vendredi, dans son bureau, avec le repr\u00e9sentant r\u00e9sident du Programme des Nations Unies pour le D\u00e9veloppement(PNUD) en Mauritanie, M. Mansour Enjari. La rencontre a port\u00e9 sur tous les domaines de coop\u00e9ration entre notre pays et cette organisation onusienne ainsi que sur [&hellip;]<\/p>\n","protected":false},"author":8,"featured_media":209468,"comment_status":"open","ping_status":"open","sticky":false,"template":"","format":"standard","meta":{"footnotes":""},"categories":[63918,63919,63957],"tags":[],"class_list":["post-209467","post","type-post","status-publish","format-standard","has-post-thumbnail","hentry","category-autres","category-choix-du-redacteur","category-fil-dactualite"],"_links":{"self":[{"href":"https:\/\/ami.mr\/fr\/wp-json\/wp\/v2\/posts\/209467","targetHints":{"allow":["GET"]}}],"collection":[{"href":"https:\/\/ami.mr\/fr\/wp-json\/wp\/v2\/posts"}],"about":[{"href":"https:\/\/ami.mr\/fr\/wp-json\/wp\/v2\/types\/post"}],"author":[{"embeddable":true,"href":"https:\/\/ami.mr\/fr\/wp-json\/wp\/v2\/users\/8"}],"replies":[{"embeddable":true,"href":"https:\/\/ami.mr\/fr\/wp-json\/wp\/v2\/comments?post=209467"}],"version-history":[{"count":1,"href":"https:\/\/ami.mr\/fr\/wp-json\/wp\/v2\/posts\/209467\/revisions"}],"predecessor-version":[{"id":209469,"href":"https:\/\/ami.mr\/fr\/wp-json\/wp\/v2\/posts\/209467\/revisions\/209469"}],"wp:featuredmedia":[{"embeddable":true,"href":"https:\/\/ami.mr\/fr\/wp-json\/wp\/v2\/media\/209468"}],"wp:attachment":[{"href":"https:\/\/ami.mr\/fr\/wp-json\/wp\/v2\/media?parent=209467"}],"wp:term":[{"taxonomy":"category","embeddable":true,"href":"https:\/\/ami.mr\/fr\/wp-json\/wp\/v2\/categories?post=209467"},{"taxonomy":"post_tag","embeddable":true,"href":"https:\/\/ami.mr\/fr\/wp-json\/wp\/v2\/tags?post=209467"}],"curies":[{"name":"wp","href":"https:\/\/api.w.org\/{rel}","templated":true}]}}