{"id":209222,"date":"2022-11-01T19:53:19","date_gmt":"2022-11-01T19:53:19","guid":{"rendered":"https:\/\/ami.mr\/fr\/?p=209222"},"modified":"2022-11-02T14:55:35","modified_gmt":"2022-11-02T14:55:35","slug":"la-mauritanie-participe-a-la-reunion-preparatoire-du-sommet-afrique-amerique","status":"publish","type":"post","link":"https:\/\/ami.mr\/fr\/archives\/209222","title":{"rendered":"La Mauritanie participe \u00e0 la r\u00e9union pr\u00e9paratoire du sommet Afrique-Am\u00e9rique"},"content":{"rendered":"<p>La Mauritanie a \u00e9t\u00e9 repr\u00e9sent\u00e9e, mardi \u00e0 Washington, \u00e0 la r\u00e9union pr\u00e9paratoire du prochain sommet Afrique-Am\u00e9rique par une importante d\u00e9l\u00e9gation, conduite par Mme El Alia Mint Menkouss, secr\u00e9taire g\u00e9n\u00e9rale du minist\u00e8re des Affaires \u00e9trang\u00e8res et des Mauritaniens de l\u2019Ext\u00e9rieur.<\/p>\n<p>La rencontre, qui a dur\u00e9 deux jours, a donn\u00e9 lieu \u00e0 des pr\u00e9sentations sur les modalit\u00e9s d\u2019organisation du sommet qui aura lieu au mois de d\u00e9cembre 2022.<\/p>\n<p>Elle s\u2019est d\u00e9roul\u00e9e, \u00e9galement, en pr\u00e9sence de notre ambassadrice \u00e0 Washington, Mme Ciss\u00e9 Mint Cheikh Boidda et Abderrahmae Jiddou et El Hadj Gueye, tous deux conseillers \u00e0 l\u2019ambassade de Mauritanie aux Etats Unis d\u2019Am\u00e9rique.<\/p>\n","protected":false},"excerpt":{"rendered":"<p>La Mauritanie a \u00e9t\u00e9 repr\u00e9sent\u00e9e, mardi \u00e0 Washington, \u00e0 la r\u00e9union pr\u00e9paratoire du prochain sommet Afrique-Am\u00e9rique par une importante d\u00e9l\u00e9gation, conduite par Mme El Alia Mint Menkouss, secr\u00e9taire g\u00e9n\u00e9rale du minist\u00e8re des Affaires \u00e9trang\u00e8res et des Mauritaniens de l\u2019Ext\u00e9rieur. La rencontre, qui a dur\u00e9 deux jours, a donn\u00e9 lieu \u00e0 des pr\u00e9sentations sur les modalit\u00e9s [&hellip;]<\/p>\n","protected":false},"author":13,"featured_media":209223,"comment_status":"open","ping_status":"open","sticky":false,"template":"","format":"standard","meta":{"footnotes":""},"categories":[63918,63919,63957,25],"tags":[],"class_list":["post-209222","post","type-post","status-publish","format-standard","has-post-thumbnail","hentry","category-autres","category-choix-du-redacteur","category-fil-dactualite","category-25"],"_links":{"self":[{"href":"https:\/\/ami.mr\/fr\/wp-json\/wp\/v2\/posts\/209222","targetHints":{"allow":["GET"]}}],"collection":[{"href":"https:\/\/ami.mr\/fr\/wp-json\/wp\/v2\/posts"}],"about":[{"href":"https:\/\/ami.mr\/fr\/wp-json\/wp\/v2\/types\/post"}],"author":[{"embeddable":true,"href":"https:\/\/ami.mr\/fr\/wp-json\/wp\/v2\/users\/13"}],"replies":[{"embeddable":true,"href":"https:\/\/ami.mr\/fr\/wp-json\/wp\/v2\/comments?post=209222"}],"version-history":[{"count":1,"href":"https:\/\/ami.mr\/fr\/wp-json\/wp\/v2\/posts\/209222\/revisions"}],"predecessor-version":[{"id":209224,"href":"https:\/\/ami.mr\/fr\/wp-json\/wp\/v2\/posts\/209222\/revisions\/209224"}],"wp:featuredmedia":[{"embeddable":true,"href":"https:\/\/ami.mr\/fr\/wp-json\/wp\/v2\/media\/209223"}],"wp:attachment":[{"href":"https:\/\/ami.mr\/fr\/wp-json\/wp\/v2\/media?parent=209222"}],"wp:term":[{"taxonomy":"category","embeddable":true,"href":"https:\/\/ami.mr\/fr\/wp-json\/wp\/v2\/categories?post=209222"},{"taxonomy":"post_tag","embeddable":true,"href":"https:\/\/ami.mr\/fr\/wp-json\/wp\/v2\/tags?post=209222"}],"curies":[{"name":"wp","href":"https:\/\/api.w.org\/{rel}","templated":true}]}}