{"id":209205,"date":"2022-11-01T18:23:41","date_gmt":"2022-11-01T18:23:41","guid":{"rendered":"https:\/\/ami.mr\/fr\/?p=209205"},"modified":"2022-11-02T15:13:35","modified_gmt":"2022-11-02T15:13:35","slug":"le-ministre-de-linterieur-sentretient-avec-lambassadeur-du-koweit-en-mauritanie","status":"publish","type":"post","link":"https:\/\/ami.mr\/fr\/archives\/209205","title":{"rendered":"Le ministre de l\u2019Int\u00e9rieur s\u2019entretient avec l\u2019ambassadeur du Kowe\u00eft en Mauritanie"},"content":{"rendered":"<p>Le ministre de l\u2019Int\u00e9rieur et de la D\u00e9centralisation, M. Mohamed Ahmed Ould Mohamed Lemine, s\u2019est entretenu, mardi \u00e0 Nouakchott, avec l\u2019ambassadeur de l\u2019Etat du Kowe\u00eft en Mauritanie, SEM. Bedah Maghaad Dousry.<\/p>\n<p>Les entretiens ont port\u00e9 sur les relations de coop\u00e9ration unissant les deux pays fr\u00e8res et les voies et moyens de les renforcer davantage, notamment dans les domaines de l\u2019int\u00e9rieur et de la D\u00e9centralisation.<\/p>\n<p>La rencontre s\u2019est d\u00e9roul\u00e9e en pr\u00e9sence du secr\u00e9taire g\u00e9n\u00e9ral du minist\u00e8re de l\u2019Int\u00e9rieur et de la D\u00e9centralisation, M. Mohamed Mahfoudh Ibrahim.<\/p>\n","protected":false},"excerpt":{"rendered":"<p>Le ministre de l\u2019Int\u00e9rieur et de la D\u00e9centralisation, M. Mohamed Ahmed Ould Mohamed Lemine, s\u2019est entretenu, mardi \u00e0 Nouakchott, avec l\u2019ambassadeur de l\u2019Etat du Kowe\u00eft en Mauritanie, SEM. Bedah Maghaad Dousry. Les entretiens ont port\u00e9 sur les relations de coop\u00e9ration unissant les deux pays fr\u00e8res et les voies et moyens de les renforcer davantage, notamment [&hellip;]<\/p>\n","protected":false},"author":13,"featured_media":209208,"comment_status":"open","ping_status":"open","sticky":false,"template":"","format":"standard","meta":{"footnotes":""},"categories":[63918,63957],"tags":[63990],"class_list":["post-209205","post","type-post","status-publish","format-standard","has-post-thumbnail","hentry","category-autres","category-fil-dactualite","tag-activites-gouvernementales"],"_links":{"self":[{"href":"https:\/\/ami.mr\/fr\/wp-json\/wp\/v2\/posts\/209205","targetHints":{"allow":["GET"]}}],"collection":[{"href":"https:\/\/ami.mr\/fr\/wp-json\/wp\/v2\/posts"}],"about":[{"href":"https:\/\/ami.mr\/fr\/wp-json\/wp\/v2\/types\/post"}],"author":[{"embeddable":true,"href":"https:\/\/ami.mr\/fr\/wp-json\/wp\/v2\/users\/13"}],"replies":[{"embeddable":true,"href":"https:\/\/ami.mr\/fr\/wp-json\/wp\/v2\/comments?post=209205"}],"version-history":[{"count":1,"href":"https:\/\/ami.mr\/fr\/wp-json\/wp\/v2\/posts\/209205\/revisions"}],"predecessor-version":[{"id":209210,"href":"https:\/\/ami.mr\/fr\/wp-json\/wp\/v2\/posts\/209205\/revisions\/209210"}],"wp:featuredmedia":[{"embeddable":true,"href":"https:\/\/ami.mr\/fr\/wp-json\/wp\/v2\/media\/209208"}],"wp:attachment":[{"href":"https:\/\/ami.mr\/fr\/wp-json\/wp\/v2\/media?parent=209205"}],"wp:term":[{"taxonomy":"category","embeddable":true,"href":"https:\/\/ami.mr\/fr\/wp-json\/wp\/v2\/categories?post=209205"},{"taxonomy":"post_tag","embeddable":true,"href":"https:\/\/ami.mr\/fr\/wp-json\/wp\/v2\/tags?post=209205"}],"curies":[{"name":"wp","href":"https:\/\/api.w.org\/{rel}","templated":true}]}}