{"id":209147,"date":"2022-10-31T20:55:30","date_gmt":"2022-10-31T20:55:30","guid":{"rendered":"https:\/\/ami.mr\/fr\/?p=209147"},"modified":"2022-11-04T12:30:35","modified_gmt":"2022-11-04T12:30:35","slug":"le-premier-ministre-preside-la-reunion-du-comite-ministeriel-charge-du-suivi-de-la-mise-en-oeuvre-de-la-politique-nationale-de-lutte-contre-la-traite-des-personnes","status":"publish","type":"post","link":"https:\/\/ami.mr\/fr\/archives\/209147","title":{"rendered":"Le Premier ministre pr\u00e9side la r\u00e9union du comit\u00e9 minist\u00e9riel charg\u00e9 du suivi de la mise en \u0153uvre de la politique nationale de lutte contre la traite des personnes"},"content":{"rendered":"<div class=\"row\">\n<div class=\"cell auto-size bd-gray\" dir=\"ltr\"><\/div>\n<\/div>\n<div class=\"row\">\n<div class=\"cell auto-size\">\n<div class=\"set-border bd-gray padding10 margin10 no-margin-right no-margin-left \" dir=\"ltr\">\n<p>Le Premier ministre M. Mohamed Ould Bilal Messoud a pr\u00e9sid\u00e9 lundi dans la salle de conf\u00e9rence du Premier minist\u00e8re, la r\u00e9union mensuelle du Comit\u00e9 minist\u00e9riel charg\u00e9 du suivi de la mise en \u0153uvre de la politique nationale de lutte contre toutes les formes de traite des \u00eatres humains et pour la protection des victimes.<\/p>\n<p>Cette politique intervient dans le cadre de la mise en \u0153uvre du programme de Son Excellence le Pr\u00e9sident de la R\u00e9publique, M. Mohamed Ould Cheikh El Ghazouani, en application de ses instructions et pour accompagner le grand int\u00e9r\u00eat qu\u2019il accorde \u00e0 l&#8217;\u00e9volution de ce dossier, sur lequel il ne cesse d\u2019insister aupr\u00e8s du gouvernement pour le faire avancer.<\/p>\n<p>Au cours de la r\u00e9union, le bilan mensuel des mesures prises par les d\u00e9partements et institutions concern\u00e9s par la lutte contre toutes les formes d&#8217;exploitation et de traite des \u00eatres humains et l&#8217;assistance aux victimes, ainsi que les fonds allou\u00e9s par l&#8217;\u00c9tat \u00e0 cette op\u00e9ration et les moyens de la mettre en \u0153uvre ont \u00e9t\u00e9 pass\u00e9s en revue.<\/p>\n<p>A l&#8217;issue de la rencontre, le Premier ministre a soulign\u00e9 la n\u00e9cessit\u00e9 d&#8217;acc\u00e9l\u00e9rer la mise en \u0153uvre des proc\u00e9dures, r\u00e8glementations et lois y aff\u00e9rentes, et de travailler \u00e0 l&#8217;am\u00e9lioration des r\u00e9sultats actuels, \u00e0 la coordination des efforts et \u00e0 la mise \u00e0 disposition des moyens et ressources n\u00e9cessaires pour sa r\u00e9ussite de ces mesures.<\/p>\n<\/div>\n<\/div>\n<\/div>\n","protected":false},"excerpt":{"rendered":"<p>Le Premier ministre M. Mohamed Ould Bilal Messoud a pr\u00e9sid\u00e9 lundi dans la salle de conf\u00e9rence du Premier minist\u00e8re, la r\u00e9union mensuelle du Comit\u00e9 minist\u00e9riel charg\u00e9 du suivi de la mise en \u0153uvre de la politique nationale de lutte contre toutes les formes de traite des \u00eatres humains et pour la protection des victimes. Cette [&hellip;]<\/p>\n","protected":false},"author":8,"featured_media":209148,"comment_status":"open","ping_status":"open","sticky":false,"template":"","format":"standard","meta":{"footnotes":""},"categories":[63919,63957,63959,63921,63927],"tags":[],"class_list":["post-209147","post","type-post","status-publish","format-standard","has-post-thumbnail","hentry","category-choix-du-redacteur","category-fil-dactualite","category-mauritanie","category-slider-afficher","category-slider-mauritanie"],"_links":{"self":[{"href":"https:\/\/ami.mr\/fr\/wp-json\/wp\/v2\/posts\/209147","targetHints":{"allow":["GET"]}}],"collection":[{"href":"https:\/\/ami.mr\/fr\/wp-json\/wp\/v2\/posts"}],"about":[{"href":"https:\/\/ami.mr\/fr\/wp-json\/wp\/v2\/types\/post"}],"author":[{"embeddable":true,"href":"https:\/\/ami.mr\/fr\/wp-json\/wp\/v2\/users\/8"}],"replies":[{"embeddable":true,"href":"https:\/\/ami.mr\/fr\/wp-json\/wp\/v2\/comments?post=209147"}],"version-history":[{"count":1,"href":"https:\/\/ami.mr\/fr\/wp-json\/wp\/v2\/posts\/209147\/revisions"}],"predecessor-version":[{"id":209149,"href":"https:\/\/ami.mr\/fr\/wp-json\/wp\/v2\/posts\/209147\/revisions\/209149"}],"wp:featuredmedia":[{"embeddable":true,"href":"https:\/\/ami.mr\/fr\/wp-json\/wp\/v2\/media\/209148"}],"wp:attachment":[{"href":"https:\/\/ami.mr\/fr\/wp-json\/wp\/v2\/media?parent=209147"}],"wp:term":[{"taxonomy":"category","embeddable":true,"href":"https:\/\/ami.mr\/fr\/wp-json\/wp\/v2\/categories?post=209147"},{"taxonomy":"post_tag","embeddable":true,"href":"https:\/\/ami.mr\/fr\/wp-json\/wp\/v2\/tags?post=209147"}],"curies":[{"name":"wp","href":"https:\/\/api.w.org\/{rel}","templated":true}]}}