{"id":209143,"date":"2022-10-31T18:46:55","date_gmt":"2022-10-31T18:46:55","guid":{"rendered":"https:\/\/ami.mr\/fr\/?p=209143"},"modified":"2022-11-01T14:15:35","modified_gmt":"2022-11-01T14:15:35","slug":"assaba-lancement-dactivites-de-la-caravane-pour-sensibiliser-aux-lois-contre-la-traite-des-personnes","status":"publish","type":"post","link":"https:\/\/ami.mr\/fr\/archives\/209143","title":{"rendered":"Assaba : Lancement d&#8217;activit\u00e9s de la caravane pour sensibiliser aux lois contre la traite des personnes"},"content":{"rendered":"<div class=\"row\"><\/div>\n<div class=\"row\">\n<div class=\"cell auto-size\">\n<div class=\"set-border bd-gray padding10 margin10 no-margin-right no-margin-left \" dir=\"ltr\">\n<p>Le directeur de cabinet du wali, M. Ahmed Bezeid Ould Ahmed Yacoub, a supervis\u00e9 lundi le lancement des activit\u00e9s de la caravane nationale de sensibilisation aux lois contre la traite des personnes, l&#8217;esclavage, la discrimination et la torture.<\/p>\n<p>Cette caravane est organis\u00e9e par le Commissariat aux droits de l&#8217;homme, \u00e0 l&#8217;action humanitaire et aux relations avec la soci\u00e9t\u00e9 civile, sous le slogan : \u00ab Ensemble pour pr\u00e9server la dignit\u00e9 de l&#8217;\u00eatre humain et ses droits dans le contexte de l&#8217;\u00c9tat de droit. \u00bb<\/p>\n<p>Le directeur du cabinet du wali a, dans un discours prononc\u00e9 \u00e0 cette occasion, expliqu\u00e9 que cette caravane, qui dure tout un mois, est supervis\u00e9e par le forum des organisations de la soci\u00e9t\u00e9 civile de la wilaya de l\u2019Assaba, soulignant l&#8217;importance que les hautes autorit\u00e9s du pays attachent \u00e0 cette question, car des lois anti-esclavagistes ont \u00e9t\u00e9 promulgu\u00e9es et des programmes ont \u00e9t\u00e9 mis en place pour combattre ses effets.<\/p>\n<p>Il a appel\u00e9 \u00e0 ce que chacun joue le r\u00f4le d\u2019ambassadeur pour expliquer, rapprocher et comprendre ces lois, et sensibiliser aux efforts d\u00e9ploy\u00e9s dans la lutte contre les effets de l&#8217;esclavage.<\/p>\n<p>Pour sa part, la responsable du forum des organisations de la soci\u00e9t\u00e9 civile de l\u2019Assaba, Mme Zeinabou Mint Sideyni, a expliqu\u00e9 que cette caravane vise contribuer, par la sensibilisation, \u00e0 \u00e9liminer compl\u00e8tement toutes sortes d&#8217;injustices et d&#8217;exploitation de l\u2019Homme par les autres \u00eatres humains.<\/p>\n<p>Elle a relev\u00e9 que les \u00e9quipes des organisations de la soci\u00e9t\u00e9 civile entreront dans toutes les institutions et centres \u00e9ducatifs et sanitaires qui connaissent une pr\u00e9sence intense de citoyens afin d&#8217;expliquer les lois relatives \u00e0 la pr\u00e9vention et \u00e0 la r\u00e9pression de la traite des personnes et de toutes les formes d&#8217;esclavage auxquelles les \u00eatres humains peuvent \u00eatre soumis, en particulier les femmes et les enfants.<\/p>\n<p>Le lancement de la caravane s&#8217;est d\u00e9roul\u00e9 en pr\u00e9sence du hakem mou\u00e7aid de la moughataa de Kiffa, du maire adjoint de sa municipalit\u00e9 et d\u2019autres responsables de la wilaya.<\/p>\n<\/div>\n<\/div>\n<\/div>\n","protected":false},"excerpt":{"rendered":"<p>Le directeur de cabinet du wali, M. Ahmed Bezeid Ould Ahmed Yacoub, a supervis\u00e9 lundi le lancement des activit\u00e9s de la caravane nationale de sensibilisation aux lois contre la traite des personnes, l&#8217;esclavage, la discrimination et la torture. Cette caravane est organis\u00e9e par le Commissariat aux droits de l&#8217;homme, \u00e0 l&#8217;action humanitaire et aux relations [&hellip;]<\/p>\n","protected":false},"author":8,"featured_media":209144,"comment_status":"open","ping_status":"open","sticky":false,"template":"","format":"standard","meta":{"footnotes":""},"categories":[63918,63919,63957,8672],"tags":[],"class_list":["post-209143","post","type-post","status-publish","format-standard","has-post-thumbnail","hentry","category-autres","category-choix-du-redacteur","category-fil-dactualite","category-8672"],"_links":{"self":[{"href":"https:\/\/ami.mr\/fr\/wp-json\/wp\/v2\/posts\/209143","targetHints":{"allow":["GET"]}}],"collection":[{"href":"https:\/\/ami.mr\/fr\/wp-json\/wp\/v2\/posts"}],"about":[{"href":"https:\/\/ami.mr\/fr\/wp-json\/wp\/v2\/types\/post"}],"author":[{"embeddable":true,"href":"https:\/\/ami.mr\/fr\/wp-json\/wp\/v2\/users\/8"}],"replies":[{"embeddable":true,"href":"https:\/\/ami.mr\/fr\/wp-json\/wp\/v2\/comments?post=209143"}],"version-history":[{"count":1,"href":"https:\/\/ami.mr\/fr\/wp-json\/wp\/v2\/posts\/209143\/revisions"}],"predecessor-version":[{"id":209145,"href":"https:\/\/ami.mr\/fr\/wp-json\/wp\/v2\/posts\/209143\/revisions\/209145"}],"wp:featuredmedia":[{"embeddable":true,"href":"https:\/\/ami.mr\/fr\/wp-json\/wp\/v2\/media\/209144"}],"wp:attachment":[{"href":"https:\/\/ami.mr\/fr\/wp-json\/wp\/v2\/media?parent=209143"}],"wp:term":[{"taxonomy":"category","embeddable":true,"href":"https:\/\/ami.mr\/fr\/wp-json\/wp\/v2\/categories?post=209143"},{"taxonomy":"post_tag","embeddable":true,"href":"https:\/\/ami.mr\/fr\/wp-json\/wp\/v2\/tags?post=209143"}],"curies":[{"name":"wp","href":"https:\/\/api.w.org\/{rel}","templated":true}]}}