{"id":209037,"date":"2022-10-29T18:48:35","date_gmt":"2022-10-29T18:48:35","guid":{"rendered":"https:\/\/ami.mr\/fr\/?p=209037"},"modified":"2022-11-02T15:24:04","modified_gmt":"2022-11-02T15:24:04","slug":"le-ministre-des-affaires-etrangeres-recoit-son-homologue-algerien-2","status":"publish","type":"post","link":"https:\/\/ami.mr\/fr\/archives\/209037","title":{"rendered":"Le ministre des Affaires \u00e9trang\u00e8res re\u00e7oit son homologue alg\u00e9rien"},"content":{"rendered":"<div class=\"cell auto-size\">\n<div class=\"set-border bd-gray padding10 margin10 no-margin-right no-margin-left \" dir=\"ltr\">\n<p>Le ministre des Affaires \u00e9trang\u00e8res, de la Coop\u00e9ration et des Mauritaniens de l&#8217;Ext\u00e9rieur, M. Mohamed Salem Ould Merzoug, a rencontr\u00e9, samedi \u00e0 Alger, M. Ramtane Lamamra, ministre alg\u00e9rien des affaires \u00e9trang\u00e8res et de la Communaut\u00e9 nationale \u00e0 l&#8217;ext\u00e9rieur, et ce en marge de la r\u00e9union des ministres arabes des affaires \u00e9trang\u00e8res pr\u00e9parant le sommet arabe.<\/p>\n<p>A cette occasion, les deux ministres ont pass\u00e9 en revue les solides relations de fraternit\u00e9 et de coop\u00e9ration entre les deux pays et les moyens susceptibles de les renforcer ainsi que la pr\u00e9paration en cours du sommet arabe.<\/p>\n<p>La rencontre s&#8217;est d\u00e9roul\u00e9e en pr\u00e9sence de MM. Weddady Sidi Haiba,\u00a0 notre ambassadeur en Alg\u00e9rie, Sidi Mohamed Mohamed Abdallahi, notre ambassadeur en Egypte, d\u00e9l\u00e9gu\u00e9 permanent aupr\u00e8s de la ligue des \u00e9tats arabes,\u00a0 Hasni Lefghih, ambassadeur, charg\u00e9 de mission et Mohamed Lemine Moulaye Ely, ambassadeur, directeur g\u00e9n\u00e9ral de la coop\u00e9ration multilat\u00e9rale au minist\u00e8re des affaires \u00e9trang\u00e8res.<\/p>\n<\/div>\n<\/div>\n","protected":false},"excerpt":{"rendered":"<p>Le ministre des Affaires \u00e9trang\u00e8res, de la Coop\u00e9ration et des Mauritaniens de l&#8217;Ext\u00e9rieur, M. Mohamed Salem Ould Merzoug, a rencontr\u00e9, samedi \u00e0 Alger, M. Ramtane Lamamra, ministre alg\u00e9rien des affaires \u00e9trang\u00e8res et de la Communaut\u00e9 nationale \u00e0 l&#8217;ext\u00e9rieur, et ce en marge de la r\u00e9union des ministres arabes des affaires \u00e9trang\u00e8res pr\u00e9parant le sommet arabe. [&hellip;]<\/p>\n","protected":false},"author":13,"featured_media":209038,"comment_status":"open","ping_status":"open","sticky":false,"template":"","format":"standard","meta":{"footnotes":""},"categories":[63920,63919,63957,25,63926],"tags":[],"class_list":["post-209037","post","type-post","status-publish","format-standard","has-post-thumbnail","hentry","category-a-la-une","category-choix-du-redacteur","category-fil-dactualite","category-25","category-slider-general"],"_links":{"self":[{"href":"https:\/\/ami.mr\/fr\/wp-json\/wp\/v2\/posts\/209037","targetHints":{"allow":["GET"]}}],"collection":[{"href":"https:\/\/ami.mr\/fr\/wp-json\/wp\/v2\/posts"}],"about":[{"href":"https:\/\/ami.mr\/fr\/wp-json\/wp\/v2\/types\/post"}],"author":[{"embeddable":true,"href":"https:\/\/ami.mr\/fr\/wp-json\/wp\/v2\/users\/13"}],"replies":[{"embeddable":true,"href":"https:\/\/ami.mr\/fr\/wp-json\/wp\/v2\/comments?post=209037"}],"version-history":[{"count":3,"href":"https:\/\/ami.mr\/fr\/wp-json\/wp\/v2\/posts\/209037\/revisions"}],"predecessor-version":[{"id":209055,"href":"https:\/\/ami.mr\/fr\/wp-json\/wp\/v2\/posts\/209037\/revisions\/209055"}],"wp:featuredmedia":[{"embeddable":true,"href":"https:\/\/ami.mr\/fr\/wp-json\/wp\/v2\/media\/209038"}],"wp:attachment":[{"href":"https:\/\/ami.mr\/fr\/wp-json\/wp\/v2\/media?parent=209037"}],"wp:term":[{"taxonomy":"category","embeddable":true,"href":"https:\/\/ami.mr\/fr\/wp-json\/wp\/v2\/categories?post=209037"},{"taxonomy":"post_tag","embeddable":true,"href":"https:\/\/ami.mr\/fr\/wp-json\/wp\/v2\/tags?post=209037"}],"curies":[{"name":"wp","href":"https:\/\/api.w.org\/{rel}","templated":true}]}}