{"id":209005,"date":"2022-10-28T19:39:25","date_gmt":"2022-10-28T19:39:25","guid":{"rendered":"https:\/\/ami.mr\/fr\/?p=209005"},"modified":"2022-10-28T19:47:43","modified_gmt":"2022-10-28T19:47:43","slug":"akjoujt-lancement-dune-campagne-de-sensibilisation-contre-toutes-les-formes-desclavage","status":"publish","type":"post","link":"https:\/\/ami.mr\/fr\/archives\/209005","title":{"rendered":"Akjoujt : Lancement d&#8217;une campagne de sensibilisation contre toutes les formes d&#8217;esclavage"},"content":{"rendered":"<div class=\"cell auto-size\">\n<div class=\"set-border bd-gray padding10 margin10 no-margin-right no-margin-left \" dir=\"ltr\">\n<p>Une campagne de sensibilisation contre l&#8217;esclavage, la traite des \u00eatres humains, la discrimination et la torture, a \u00e9t\u00e9 lanc\u00e9e, vendredi \u00e0 Akjoujt, sous le th\u00e8me &#8220;Ensemble pour pr\u00e9server la dignit\u00e9 et les droits humains sous l\u2019\u00e9gide de l\u2019\u00c9tat de droit&#8221;.<\/p>\n<p>Supervisant le lancement de la campagne organis\u00e9e par le Forum r\u00e9gional des organisations de la soci\u00e9t\u00e9 civile de la wilaya en coop\u00e9ration avec la Commission des Droits de l&#8217;Homme, \u00e0 l&#8217;Action humanitaire et aux Relations avec la Soci\u00e9t\u00e9 civile, le conseiller du wali de l\u2019Inchiri charg\u00e9 des Affaires administratives et juridiques, M. Sidi Mohamed Ould Mohamed Abdellahi, a insist\u00e9 sur l&#8217;importance de la sensibilisation contre toutes les formes d\u2019esclavage.<\/p>\n<p>A son tour, le pr\u00e9sident du Forum r\u00e9gional de la soci\u00e9t\u00e9 civile, M. El Mamy Ould Brahim, a soulign\u00e9 que cette campagne qui s&#8217;inscrit dans le cadre de la continuit\u00e9 de la caravane nationale visant \u00e0 combattre l&#8217;esclavage, la traite des \u00eatres humains, la discrimination et la torture.<\/p>\n<p>La campagne a \u00e9t\u00e9 lanc\u00e9e en pr\u00e9sence du hakem adjoint de la moughataa d&#8217;Akjoujt et de plusieurs conseillers municipaux.<\/p>\n<\/div>\n<\/div>\n","protected":false},"excerpt":{"rendered":"<p>Une campagne de sensibilisation contre l&#8217;esclavage, la traite des \u00eatres humains, la discrimination et la torture, a \u00e9t\u00e9 lanc\u00e9e, vendredi \u00e0 Akjoujt, sous le th\u00e8me &#8220;Ensemble pour pr\u00e9server la dignit\u00e9 et les droits humains sous l\u2019\u00e9gide de l\u2019\u00c9tat de droit&#8221;. Supervisant le lancement de la campagne organis\u00e9e par le Forum r\u00e9gional des organisations de la [&hellip;]<\/p>\n","protected":false},"author":13,"featured_media":209006,"comment_status":"open","ping_status":"open","sticky":false,"template":"","format":"standard","meta":{"footnotes":""},"categories":[63918,63919,63957,63923],"tags":[],"class_list":["post-209005","post","type-post","status-publish","format-standard","has-post-thumbnail","hentry","category-autres","category-choix-du-redacteur","category-fil-dactualite","category-slider-wilayas"],"_links":{"self":[{"href":"https:\/\/ami.mr\/fr\/wp-json\/wp\/v2\/posts\/209005","targetHints":{"allow":["GET"]}}],"collection":[{"href":"https:\/\/ami.mr\/fr\/wp-json\/wp\/v2\/posts"}],"about":[{"href":"https:\/\/ami.mr\/fr\/wp-json\/wp\/v2\/types\/post"}],"author":[{"embeddable":true,"href":"https:\/\/ami.mr\/fr\/wp-json\/wp\/v2\/users\/13"}],"replies":[{"embeddable":true,"href":"https:\/\/ami.mr\/fr\/wp-json\/wp\/v2\/comments?post=209005"}],"version-history":[{"count":1,"href":"https:\/\/ami.mr\/fr\/wp-json\/wp\/v2\/posts\/209005\/revisions"}],"predecessor-version":[{"id":209007,"href":"https:\/\/ami.mr\/fr\/wp-json\/wp\/v2\/posts\/209005\/revisions\/209007"}],"wp:featuredmedia":[{"embeddable":true,"href":"https:\/\/ami.mr\/fr\/wp-json\/wp\/v2\/media\/209006"}],"wp:attachment":[{"href":"https:\/\/ami.mr\/fr\/wp-json\/wp\/v2\/media?parent=209005"}],"wp:term":[{"taxonomy":"category","embeddable":true,"href":"https:\/\/ami.mr\/fr\/wp-json\/wp\/v2\/categories?post=209005"},{"taxonomy":"post_tag","embeddable":true,"href":"https:\/\/ami.mr\/fr\/wp-json\/wp\/v2\/tags?post=209005"}],"curies":[{"name":"wp","href":"https:\/\/api.w.org\/{rel}","templated":true}]}}