{"id":208753,"date":"2022-10-26T15:42:05","date_gmt":"2022-10-26T15:42:05","guid":{"rendered":"https:\/\/ami.mr\/fr\/?p=208753"},"modified":"2022-10-26T15:42:05","modified_gmt":"2022-10-26T15:42:05","slug":"debut-des-travaux-dun-atelier-de-validation-de-letude-sur-les-potentialites-nationales-en-matiere-demploi-vert","status":"publish","type":"post","link":"https:\/\/ami.mr\/fr\/archives\/208753","title":{"rendered":"D\u00e9but des travaux d&#8217;un atelier de validation de l&#8217;\u00e9tude sur les potentialit\u00e9s nationales en mati\u00e8re d&#8217;emploi vert"},"content":{"rendered":"<p>le minist\u00e8re de l&#8217;Environnement et D\u00e9veloppement durable a organis\u00e9 mercredi \u00e0 Nouakchott avec la collaboration de l&#8217;organisation internationale du travail (OIT) un atelier d&#8217;enrichissement et d&#8217;analyse des potentialit\u00e9s nationales d&#8217;emploi vert en Mauritanie.<\/p>\n<p>Les travaux de la rencontre permettent de valider les r\u00e9sultats des analyses et d&#8217;impliquer les acteurs afin de partager et d&#8217;orienter les politiques et les interventions dans ce domaine.<\/p>\n<p>Dans son intervention, M. Sidi Ould Aloueimine, charg\u00e9 de mission au minist\u00e8re de l&#8217;Environnement et d\u00e9veloppement durable, secr\u00e9taire g\u00e9n\u00e9ral par int\u00e9rim a indiqu\u00e9 que notre pays fait face \u00e0 plusieurs d\u00e9fis structurels et organisationnels comme dans tous les pays du Sahel.<\/p>\n<p>Il a ajout\u00e9 que la Mauritanie a connu des \u00e9v\u00e9nements climatiques r\u00e9guliers qui ont affect\u00e9 la production et entrain\u00e9 des bouleversements environnementaux, en particulier ceux qui ont des cons\u00e9quences directes sur l&#8217;effet de serre et la pollution.<\/p>\n<p>Le charg\u00e9 de mission a soulign\u00e9 qu&#8217;il existe des opportunit\u00e9s de d\u00e9veloppement avec ou sans le carbonne qui permettent \u00e0 la Mauritanie de diversifier son \u00e9conomie gr\u00e2ce \u00e0 des politiques et financements pouvant maitriser la d\u00e9gradation de l&#8217;environnement et am\u00e9liorer l&#8217;action climatique au profit des populations d\u00e9munies.<\/p>\n<p>De son c\u00f4t\u00e9, l&#8217;expert technique de l&#8217;OIT, M. Kity Diop, repr\u00e9sentant l&#8217;organisation dans notre pays a pr\u00e9cis\u00e9 que l&#8217;atelier constitue une occasion pour pr\u00e9senter les opportunit\u00e9s qui s&#8217;offrent dans l&#8217;\u00e9conomie verte afin que le bureau puisse appuyer leur ex\u00e9cution avant d&#8217;ajouter que des recommandations sont n\u00e9cessaires pour contribuer \u00e0 la relance du plan national d&#8217;action pouvant consolider des politiques et strat\u00e9gies visant le d\u00e9veloppement de l\u2019emploi vert dans l\u2019horizon de la transition vers la durabilit\u00e9 environnementale.<\/p>\n<p>Il a renouvel\u00e9 la disponibilit\u00e9 de l&#8217;OIT \u00e0 accompagner les efforts du gouvernement mauritanien permettant de redynamiser et de d\u00e9velopper l&#8217;\u00e9conomie social verte qui constitue une base d&#8217;emploi aux citoyens.<\/p>\n<p>La c\u00e9r\u00e9monie s&#8217;est d\u00e9roul\u00e9e en pr\u00e9sence du directeur adjoint de l&#8217;environnement \u00e9conomique vert, M. Mohamed Sow et des cadres du minist\u00e8re.<\/p>\n","protected":false},"excerpt":{"rendered":"<p>le minist\u00e8re de l&#8217;Environnement et D\u00e9veloppement durable a organis\u00e9 mercredi \u00e0 Nouakchott avec la collaboration de l&#8217;organisation internationale du travail (OIT) un atelier d&#8217;enrichissement et d&#8217;analyse des potentialit\u00e9s nationales d&#8217;emploi vert en Mauritanie. Les travaux de la rencontre permettent de valider les r\u00e9sultats des analyses et d&#8217;impliquer les acteurs afin de partager et d&#8217;orienter les [&hellip;]<\/p>\n","protected":false},"author":2,"featured_media":208754,"comment_status":"open","ping_status":"open","sticky":false,"template":"","format":"standard","meta":{"footnotes":""},"categories":[63918,63919,104,63957],"tags":[],"class_list":["post-208753","post","type-post","status-publish","format-standard","has-post-thumbnail","hentry","category-autres","category-choix-du-redacteur","category-104","category-fil-dactualite"],"_links":{"self":[{"href":"https:\/\/ami.mr\/fr\/wp-json\/wp\/v2\/posts\/208753","targetHints":{"allow":["GET"]}}],"collection":[{"href":"https:\/\/ami.mr\/fr\/wp-json\/wp\/v2\/posts"}],"about":[{"href":"https:\/\/ami.mr\/fr\/wp-json\/wp\/v2\/types\/post"}],"author":[{"embeddable":true,"href":"https:\/\/ami.mr\/fr\/wp-json\/wp\/v2\/users\/2"}],"replies":[{"embeddable":true,"href":"https:\/\/ami.mr\/fr\/wp-json\/wp\/v2\/comments?post=208753"}],"version-history":[{"count":1,"href":"https:\/\/ami.mr\/fr\/wp-json\/wp\/v2\/posts\/208753\/revisions"}],"predecessor-version":[{"id":208755,"href":"https:\/\/ami.mr\/fr\/wp-json\/wp\/v2\/posts\/208753\/revisions\/208755"}],"wp:featuredmedia":[{"embeddable":true,"href":"https:\/\/ami.mr\/fr\/wp-json\/wp\/v2\/media\/208754"}],"wp:attachment":[{"href":"https:\/\/ami.mr\/fr\/wp-json\/wp\/v2\/media?parent=208753"}],"wp:term":[{"taxonomy":"category","embeddable":true,"href":"https:\/\/ami.mr\/fr\/wp-json\/wp\/v2\/categories?post=208753"},{"taxonomy":"post_tag","embeddable":true,"href":"https:\/\/ami.mr\/fr\/wp-json\/wp\/v2\/tags?post=208753"}],"curies":[{"name":"wp","href":"https:\/\/api.w.org\/{rel}","templated":true}]}}