{"id":208526,"date":"2022-10-23T21:59:37","date_gmt":"2022-10-23T21:59:37","guid":{"rendered":"https:\/\/ami.mr\/fr\/?p=208526"},"modified":"2022-10-23T21:59:37","modified_gmt":"2022-10-23T21:59:37","slug":"le-ministre-de-la-culture-se-reunit-avec-le-directeur-general-des-agences-de-presse-des-pays-de-lorganisation-de-la-cooperation-islamique","status":"publish","type":"post","link":"https:\/\/ami.mr\/fr\/archives\/208526","title":{"rendered":"Le ministre de la Culture se r\u00e9unit avec le directeur g\u00e9n\u00e9ral des Agences de presse des pays de l&#8217;Organisation de la Coop\u00e9ration Islamique"},"content":{"rendered":"<div class=\"row\"><\/div>\n<div class=\"row\">\n<div class=\"cell auto-size\">\n<div class=\"set-border bd-gray padding10 margin10 no-margin-right no-margin-left \" dir=\"ltr\">\n<p>Le ministre de la Culture, de la Jeunesse, des sports et des Relations avec le Parlement, M. Mohamed Ould Soueidate, s&#8217;est r\u00e9uni, samedi, avec le directeur g\u00e9n\u00e9ral de l&#8217;Union des agences de presse des pays de l&#8217;organisation de la Coop\u00e9ration Islamique, M. Mohamed Ben Abdou Rabihi El Yami, et ce en marge de la 12eme session de la conf\u00e9rence des ministre de l&#8217;Information des pays membres de l&#8217;Organisation de la Coop\u00e9ration Islamique.<\/p>\n<p>L&#8217;audience qui s&#8217;est d\u00e9roul\u00e9e dans la r\u00e9sidence du ministre a \u00e9t\u00e9 l&#8217;occaion pour ce dernier d&#8217;exprimer la disposition de la Mauritanie de faire tout ce qui est possible pour impulser la coop\u00e9ration m\u00e9diatique avec les pays islamiques, et notamment entre les agences de presse.<\/p>\n<\/div>\n<\/div>\n<\/div>\n","protected":false},"excerpt":{"rendered":"<p>Le ministre de la Culture, de la Jeunesse, des sports et des Relations avec le Parlement, M. Mohamed Ould Soueidate, s&#8217;est r\u00e9uni, samedi, avec le directeur g\u00e9n\u00e9ral de l&#8217;Union des agences de presse des pays de l&#8217;organisation de la Coop\u00e9ration Islamique, M. Mohamed Ben Abdou Rabihi El Yami, et ce en marge de la 12eme [&hellip;]<\/p>\n","protected":false},"author":8,"featured_media":208527,"comment_status":"open","ping_status":"open","sticky":false,"template":"","format":"standard","meta":{"footnotes":""},"categories":[63918,63919,63957],"tags":[],"class_list":["post-208526","post","type-post","status-publish","format-standard","has-post-thumbnail","hentry","category-autres","category-choix-du-redacteur","category-fil-dactualite"],"_links":{"self":[{"href":"https:\/\/ami.mr\/fr\/wp-json\/wp\/v2\/posts\/208526","targetHints":{"allow":["GET"]}}],"collection":[{"href":"https:\/\/ami.mr\/fr\/wp-json\/wp\/v2\/posts"}],"about":[{"href":"https:\/\/ami.mr\/fr\/wp-json\/wp\/v2\/types\/post"}],"author":[{"embeddable":true,"href":"https:\/\/ami.mr\/fr\/wp-json\/wp\/v2\/users\/8"}],"replies":[{"embeddable":true,"href":"https:\/\/ami.mr\/fr\/wp-json\/wp\/v2\/comments?post=208526"}],"version-history":[{"count":1,"href":"https:\/\/ami.mr\/fr\/wp-json\/wp\/v2\/posts\/208526\/revisions"}],"predecessor-version":[{"id":208528,"href":"https:\/\/ami.mr\/fr\/wp-json\/wp\/v2\/posts\/208526\/revisions\/208528"}],"wp:featuredmedia":[{"embeddable":true,"href":"https:\/\/ami.mr\/fr\/wp-json\/wp\/v2\/media\/208527"}],"wp:attachment":[{"href":"https:\/\/ami.mr\/fr\/wp-json\/wp\/v2\/media?parent=208526"}],"wp:term":[{"taxonomy":"category","embeddable":true,"href":"https:\/\/ami.mr\/fr\/wp-json\/wp\/v2\/categories?post=208526"},{"taxonomy":"post_tag","embeddable":true,"href":"https:\/\/ami.mr\/fr\/wp-json\/wp\/v2\/tags?post=208526"}],"curies":[{"name":"wp","href":"https:\/\/api.w.org\/{rel}","templated":true}]}}