{"id":208500,"date":"2022-10-23T18:26:51","date_gmt":"2022-10-23T18:26:51","guid":{"rendered":"https:\/\/ami.mr\/fr\/?p=208500"},"modified":"2022-10-23T18:26:51","modified_gmt":"2022-10-23T18:26:51","slug":"le-ministre-de-la-sante-visite-des-infrastructures-sanitaires-a-atar","status":"publish","type":"post","link":"https:\/\/ami.mr\/fr\/archives\/208500","title":{"rendered":"Le ministre de la sant\u00e9 visite des infrastructures sanitaires \u00e0 Atar"},"content":{"rendered":"<div class=\"row\"><\/div>\n<div class=\"row\">\n<div class=\"cell auto-size\">\n<div class=\"set-border bd-gray padding10 margin10 no-margin-right no-margin-left \" dir=\"ltr\">\n<p>Le ministre de la Sant\u00e9, M. Moctar Ould Dahi, a visit\u00e9, dimanche, en compagnie du wali de l&#8217;Adrar, M. Abdellahi Ould Mohamed Mahmoud, des infrastructures sanitaires dans la moughataa d&#8217;Atar dont la direction r\u00e9gionale de l&#8217;Action sanitaire, l&#8217;h\u00f4pital r\u00e9gional, le centre m\u00e9dical et le point de sant\u00e9 d&#8217;Amdeir.<\/p>\n<p>Le ministre s&#8217;est inform\u00e9, \u00e0 cette occasion, sur la qualit\u00e9 des prestations dispens\u00e9es par ces infrastructures aux populations avant d&#8217;\u00e9couter des explications d\u00e9taill\u00e9es sur la nature du travail dans chacune de ces institutions qui lui ont \u00e9t\u00e9 pr\u00e9sent\u00e9es par MM. Brahim Moctar Meyeh, directeur r\u00e9gional de l&#8217;Action sanitaire, Abdellahi H&#8217;Meyada, directeur de l&#8217;h\u00f4pital r\u00e9gional, Itawel Oumrou Sidi Haiba, directeur du centre m\u00e9dical et Isselmou Boukhary, directeur du point sanitaire d&#8217;Amdeir.<\/p>\n<p>Le ministre a d\u00e9clar\u00e9 \u00e0 l&#8217;AMI que ces visites lui ont permis de s&#8217;informer sur le d\u00e9roulement du travail dans les infrastructures visit\u00e9es.<\/p>\n<p>Il a ajout\u00e9 qu&#8217;il a constat\u00e9 une am\u00e9lioration au niveau des prestations, des \u00e9quipements, de la maintenance et de l&#8217;hygi\u00e8ne, pr\u00e9cisant que malgr\u00e9 cela des insuffisances &#8220;que nous \u0153uvrerons pour surmonter demeurent encore&#8221;, notamment en ce qui concerne certains \u00e9quipements qui seront disponibles tr\u00e8s prochainement, a-t-il dit.<\/p>\n<p>Il a not\u00e9 qu&#8217;il est satisfait des explications pr\u00e9sent\u00e9es par certains m\u00e9decins, infirmiers et usagers sur les m\u00e9dicaments et la possibilit\u00e9 pour les populations de les acqu\u00e9rir avec des prix abordables et les efforts d\u00e9ploy\u00e9s pour une bonne gestion des infrastructures.<\/p>\n<\/div>\n<\/div>\n<\/div>\n","protected":false},"excerpt":{"rendered":"<p>Le ministre de la Sant\u00e9, M. Moctar Ould Dahi, a visit\u00e9, dimanche, en compagnie du wali de l&#8217;Adrar, M. Abdellahi Ould Mohamed Mahmoud, des infrastructures sanitaires dans la moughataa d&#8217;Atar dont la direction r\u00e9gionale de l&#8217;Action sanitaire, l&#8217;h\u00f4pital r\u00e9gional, le centre m\u00e9dical et le point de sant\u00e9 d&#8217;Amdeir. Le ministre s&#8217;est inform\u00e9, \u00e0 cette occasion, [&hellip;]<\/p>\n","protected":false},"author":8,"featured_media":208501,"comment_status":"open","ping_status":"open","sticky":false,"template":"","format":"standard","meta":{"footnotes":""},"categories":[63918,63919,63957],"tags":[],"class_list":["post-208500","post","type-post","status-publish","format-standard","has-post-thumbnail","hentry","category-autres","category-choix-du-redacteur","category-fil-dactualite"],"_links":{"self":[{"href":"https:\/\/ami.mr\/fr\/wp-json\/wp\/v2\/posts\/208500","targetHints":{"allow":["GET"]}}],"collection":[{"href":"https:\/\/ami.mr\/fr\/wp-json\/wp\/v2\/posts"}],"about":[{"href":"https:\/\/ami.mr\/fr\/wp-json\/wp\/v2\/types\/post"}],"author":[{"embeddable":true,"href":"https:\/\/ami.mr\/fr\/wp-json\/wp\/v2\/users\/8"}],"replies":[{"embeddable":true,"href":"https:\/\/ami.mr\/fr\/wp-json\/wp\/v2\/comments?post=208500"}],"version-history":[{"count":1,"href":"https:\/\/ami.mr\/fr\/wp-json\/wp\/v2\/posts\/208500\/revisions"}],"predecessor-version":[{"id":208502,"href":"https:\/\/ami.mr\/fr\/wp-json\/wp\/v2\/posts\/208500\/revisions\/208502"}],"wp:featuredmedia":[{"embeddable":true,"href":"https:\/\/ami.mr\/fr\/wp-json\/wp\/v2\/media\/208501"}],"wp:attachment":[{"href":"https:\/\/ami.mr\/fr\/wp-json\/wp\/v2\/media?parent=208500"}],"wp:term":[{"taxonomy":"category","embeddable":true,"href":"https:\/\/ami.mr\/fr\/wp-json\/wp\/v2\/categories?post=208500"},{"taxonomy":"post_tag","embeddable":true,"href":"https:\/\/ami.mr\/fr\/wp-json\/wp\/v2\/tags?post=208500"}],"curies":[{"name":"wp","href":"https:\/\/api.w.org\/{rel}","templated":true}]}}