{"id":208496,"date":"2022-10-23T15:54:26","date_gmt":"2022-10-23T15:54:26","guid":{"rendered":"https:\/\/ami.mr\/fr\/?p=208496"},"modified":"2022-10-25T14:06:47","modified_gmt":"2022-10-25T14:06:47","slug":"la-mauritanie-condamne-avec-fermete-lattaque-menee-par-la-milice-houthie-contre-un-navire-petrolier-dans-le-port-de-lhadramaout","status":"publish","type":"post","link":"https:\/\/ami.mr\/fr\/archives\/208496","title":{"rendered":"La Mauritanie condamne avec fermet\u00e9 l&#8217;attaque men\u00e9e par la milice houthie contre un navire p\u00e9trolier dans le port de l&#8217;Hadramaout"},"content":{"rendered":"<p>La R\u00e9publique islamique de Mauritanie a d\u00e9nonc\u00e9 et condamn\u00e9 avec fermet\u00e9 l&#8217;attaque de la milice Houthi contre un navire p\u00e9trolier qui s&#8217;appr\u00eatait \u00e0 accoster dans le port p\u00e9trolier de Dabba dans le gouvernorat y\u00e9m\u00e9nite de l&#8217;Hadramaout.<\/p>\n<p>Dans un communiqu\u00e9 publi\u00e9 dimanche et dont l&#8217;agence mauritanienne d\u2019information a re\u00e7u copie, le minist\u00e8re des Affaires \u00e9trang\u00e8res, de la Coop\u00e9ration et des Mauritaniens de l&#8217;Ext\u00e9rieur, exprime son plein soutien au gouvernement l\u00e9gitime du Y\u00e9men face aux menaces terroristes auxquelles il est confront\u00e9.<\/p>\n<p>Ci-dessous le texte de ce communiqu\u00e9 :<\/p>\n<p>&#8220;Le minist\u00e8re des Affaires \u00e9trang\u00e8res, de la Coop\u00e9ration et des Mauritaniens de l&#8217;Ext\u00e9rieur exprime sa ferme condamnation et sa d\u00e9nonciation de l&#8217;attaque men\u00e9e par la milice houthie, le vendredi 21 octobre courant, contre un navire p\u00e9trolier qui s&#8217;appr\u00eatait \u00e0 accoster au port p\u00e9trolier de Dabba dans le gouvernorat y\u00e9m\u00e9nite de l&#8217;Hadramaout.<\/p>\n<p>La Mauritanie souligne que la poursuite de ces attaques terroristes par la milice houthie est une violation flagrante des lois internationales et de la r\u00e9solution n\u00b0 2216 du Conseil de s\u00e9curit\u00e9, comme elle constitue une menace s\u00e9rieuse pour l&#8217;approvisionnement \u00e9nerg\u00e9tique et pour les corridors commerciaux mondiaux.<\/p>\n<p>A cette occasion, la Mauritanie exprime son plein soutien au gouvernement y\u00e9m\u00e9nite l\u00e9gitime face \u00e0 toutes les menaces terroristes auxquelles il est confront\u00e9&#8221;.<\/p>\n","protected":false},"excerpt":{"rendered":"<p>La R\u00e9publique islamique de Mauritanie a d\u00e9nonc\u00e9 et condamn\u00e9 avec fermet\u00e9 l&#8217;attaque de la milice Houthi contre un navire p\u00e9trolier qui s&#8217;appr\u00eatait \u00e0 accoster dans le port p\u00e9trolier de Dabba dans le gouvernorat y\u00e9m\u00e9nite de l&#8217;Hadramaout. Dans un communiqu\u00e9 publi\u00e9 dimanche et dont l&#8217;agence mauritanienne d\u2019information a re\u00e7u copie, le minist\u00e8re des Affaires \u00e9trang\u00e8res, de [&hellip;]<\/p>\n","protected":false},"author":11,"featured_media":208499,"comment_status":"open","ping_status":"open","sticky":false,"template":"","format":"standard","meta":{"footnotes":""},"categories":[63919,63957,25,63921,63926],"tags":[],"class_list":["post-208496","post","type-post","status-publish","format-standard","has-post-thumbnail","hentry","category-choix-du-redacteur","category-fil-dactualite","category-25","category-slider-afficher","category-slider-general"],"_links":{"self":[{"href":"https:\/\/ami.mr\/fr\/wp-json\/wp\/v2\/posts\/208496","targetHints":{"allow":["GET"]}}],"collection":[{"href":"https:\/\/ami.mr\/fr\/wp-json\/wp\/v2\/posts"}],"about":[{"href":"https:\/\/ami.mr\/fr\/wp-json\/wp\/v2\/types\/post"}],"author":[{"embeddable":true,"href":"https:\/\/ami.mr\/fr\/wp-json\/wp\/v2\/users\/11"}],"replies":[{"embeddable":true,"href":"https:\/\/ami.mr\/fr\/wp-json\/wp\/v2\/comments?post=208496"}],"version-history":[{"count":1,"href":"https:\/\/ami.mr\/fr\/wp-json\/wp\/v2\/posts\/208496\/revisions"}],"predecessor-version":[{"id":208498,"href":"https:\/\/ami.mr\/fr\/wp-json\/wp\/v2\/posts\/208496\/revisions\/208498"}],"wp:featuredmedia":[{"embeddable":true,"href":"https:\/\/ami.mr\/fr\/wp-json\/wp\/v2\/media\/208499"}],"wp:attachment":[{"href":"https:\/\/ami.mr\/fr\/wp-json\/wp\/v2\/media?parent=208496"}],"wp:term":[{"taxonomy":"category","embeddable":true,"href":"https:\/\/ami.mr\/fr\/wp-json\/wp\/v2\/categories?post=208496"},{"taxonomy":"post_tag","embeddable":true,"href":"https:\/\/ami.mr\/fr\/wp-json\/wp\/v2\/tags?post=208496"}],"curies":[{"name":"wp","href":"https:\/\/api.w.org\/{rel}","templated":true}]}}