{"id":208493,"date":"2022-10-23T14:47:55","date_gmt":"2022-10-23T14:47:55","guid":{"rendered":"https:\/\/ami.mr\/fr\/?p=208493"},"modified":"2022-10-23T14:47:55","modified_gmt":"2022-10-23T14:47:55","slug":"la-35e-conference-internationale-sur-la-biographie-du-prophete-exhorte-a-un-engagement-envers-les-valeurs-morales-du-messager-dallah-psl","status":"publish","type":"post","link":"https:\/\/ami.mr\/fr\/archives\/208493","title":{"rendered":"La 35e Conf\u00e9rence internationale sur la biographie du proph\u00e8te exhorte \u00e0 un engagement envers les valeurs morales du Messager d\u2019Allah (PSL)"},"content":{"rendered":"<p>Les participants \u00e0 la 35\u00e8me Conf\u00e9rence Internationale sur la biographie du Proph\u00e8te et au colloque de l&#8217;Association des savants musulmans, dont les travaux se poursuivent \u00e0 Nouakchott pour la troisi\u00e8me journ\u00e9e cons\u00e9cutive, sous le haut patronage de Son Excellence le Pr\u00e9sident de la R\u00e9publique, M. Mohamed Ould Cheikh El Ghazouani, ont exhort\u00e9 au suivi des valeurs morales contenues dans la biographie du Proph\u00e8te et son impact dans la propagation de la paix dans le monde.<\/p>\n<p>Les participants \u00e0 cette conf\u00e9rence, dont des universitaires et des imams de divers pays arabes et africains, cherchent \u00e0 faire la lumi\u00e8re sur la r\u00e9alit\u00e9 de l\u2019Oumma islamique, \u00e0 diagnostiquer les d\u00e9s\u00e9quilibres et \u00e0 rechercher des solutions appropri\u00e9es.<\/p>\n<p>Dans un discours prononc\u00e9 \u00e0 cette occasion, le pr\u00e9sident du Rassemblement culturel islamique, M. Mohamed Al Hafedh Enahwi, a souhait\u00e9 la bienvenue \u00e0 tous les participants de divers pays arabes et africains, leur souhaitant un bon s\u00e9jour.<\/p>\n<p>Il a ajout\u00e9 que cette r\u00e9union discutera de toutes les questions li\u00e9es aux valeurs morales dans la biographie du Proph\u00e8te (PSL) et de leur impact sur la propagation de l&#8217;islam.<\/p>\n<p>A son tour, M. Mabrouk Zeid El-Khair, membre du Conseil islamique supr\u00eame de l&#8217;Alg\u00e9rie, pr\u00e9sident de s\u00e9ance, a \u00e9voqu\u00e9 la morale et les qualit\u00e9s du Messager d\u2019Allah, que la pri\u00e8re et la paix d\u2019Allah soient sur lui, \u00e9num\u00e9rant ses m\u00e9rites, ses nobles qualit\u00e9s morales et ses enseignants de tol\u00e9rance.<\/p>\n<p>Il s\u2019est appesanti sur l&#8217;\u00e8re pr\u00e9islamique et l&#8217;\u00e9garement de l&#8217;humanit\u00e9, pour conclure que la mission du Proph\u00e8te (PSL) a \u00e9t\u00e9 un tournant salutaire dans l&#8217;histoire de l&#8217;humanit\u00e9.<\/p>\n","protected":false},"excerpt":{"rendered":"<p>Les participants \u00e0 la 35\u00e8me Conf\u00e9rence Internationale sur la biographie du Proph\u00e8te et au colloque de l&#8217;Association des savants musulmans, dont les travaux se poursuivent \u00e0 Nouakchott pour la troisi\u00e8me journ\u00e9e cons\u00e9cutive, sous le haut patronage de Son Excellence le Pr\u00e9sident de la R\u00e9publique, M. Mohamed Ould Cheikh El Ghazouani, ont exhort\u00e9 au suivi des [&hellip;]<\/p>\n","protected":false},"author":11,"featured_media":208494,"comment_status":"open","ping_status":"open","sticky":false,"template":"","format":"standard","meta":{"footnotes":""},"categories":[63920,63919,63957,25,63926],"tags":[],"class_list":["post-208493","post","type-post","status-publish","format-standard","has-post-thumbnail","hentry","category-a-la-une","category-choix-du-redacteur","category-fil-dactualite","category-25","category-slider-general"],"_links":{"self":[{"href":"https:\/\/ami.mr\/fr\/wp-json\/wp\/v2\/posts\/208493","targetHints":{"allow":["GET"]}}],"collection":[{"href":"https:\/\/ami.mr\/fr\/wp-json\/wp\/v2\/posts"}],"about":[{"href":"https:\/\/ami.mr\/fr\/wp-json\/wp\/v2\/types\/post"}],"author":[{"embeddable":true,"href":"https:\/\/ami.mr\/fr\/wp-json\/wp\/v2\/users\/11"}],"replies":[{"embeddable":true,"href":"https:\/\/ami.mr\/fr\/wp-json\/wp\/v2\/comments?post=208493"}],"version-history":[{"count":1,"href":"https:\/\/ami.mr\/fr\/wp-json\/wp\/v2\/posts\/208493\/revisions"}],"predecessor-version":[{"id":208495,"href":"https:\/\/ami.mr\/fr\/wp-json\/wp\/v2\/posts\/208493\/revisions\/208495"}],"wp:featuredmedia":[{"embeddable":true,"href":"https:\/\/ami.mr\/fr\/wp-json\/wp\/v2\/media\/208494"}],"wp:attachment":[{"href":"https:\/\/ami.mr\/fr\/wp-json\/wp\/v2\/media?parent=208493"}],"wp:term":[{"taxonomy":"category","embeddable":true,"href":"https:\/\/ami.mr\/fr\/wp-json\/wp\/v2\/categories?post=208493"},{"taxonomy":"post_tag","embeddable":true,"href":"https:\/\/ami.mr\/fr\/wp-json\/wp\/v2\/tags?post=208493"}],"curies":[{"name":"wp","href":"https:\/\/api.w.org\/{rel}","templated":true}]}}