{"id":208477,"date":"2022-10-22T21:22:37","date_gmt":"2022-10-22T21:22:37","guid":{"rendered":"https:\/\/ami.mr\/fr\/?p=208477"},"modified":"2022-10-22T21:22:37","modified_gmt":"2022-10-22T21:22:37","slug":"le-ministre-des-affaires-economiques-regagne-nouakchott-en-provenance-de-washington","status":"publish","type":"post","link":"https:\/\/ami.mr\/fr\/archives\/208477","title":{"rendered":"Le ministre des Affaires \u00e9conomiques regagne Nouakchott en provenance de Washington"},"content":{"rendered":"<div class=\"row\">\n<div class=\"cell auto-size bd-gray\" dir=\"ltr\"><\/div>\n<\/div>\n<div class=\"row\">\n<div class=\"cell auto-size\">\n<div class=\"set-border bd-gray padding10 margin10 no-margin-right no-margin-left \" dir=\"ltr\">\n<p>Le ministre des Affaires \u00e9conomiques et de la promotion des secteurs productifs, M. Ousmane Mamoudou Kane, a regagn\u00e9 Nouakchott, samedi, en provenance de Washington apr\u00e8s avoir particip\u00e9 aux r\u00e9unions du Groupe de la Banque Mondiale et du Fonds Mon\u00e9taire Internationale qui se sont tenues du 10 au 16 octobre 2022.<\/p>\n<p>Ces r\u00e9unions ont discut\u00e9 un certain nombre d&#8217;importantes questions dont les perspectives de l&#8217;\u00e9conomie mondiale, les moyens de lutte contre la pauvret\u00e9 et les solutions \u00e0 la crise que connait le monde dans les domaines de l&#8217;alimentation et de l&#8217;\u00e9nergie..<\/p>\n<p>En marge des r\u00e9unions, le ministre a eu des entretiens avec un certain nombre de hauts responsables de plusieurs pays et d&#8217;organisations internationales destin\u00e9s \u00e0 renforcer la coop\u00e9ration \u00e9conomique entre notre pays et ces Etats et organisations.<\/p>\n<p>Au cours de ce voyage, le ministre \u00e9tait accompagn\u00e9 d&#8217;une importante d\u00e9l\u00e9gations des d\u00e9partements concern\u00e9s.<\/p>\n<\/div>\n<\/div>\n<\/div>\n<div class=\"row\" style=\"border-collapse: collapse;color: #000000;font-family: 'Segoe UI', 'Open Sans', sans-serif, serif;font-size: 16.8px\">\n<div class=\"cell auto-size bd-gray\" dir=\"ltr\" style=\"border-collapse: collapse;direction: ltr;flex: 1 1 auto\">\n<div class=\"set-border padding10 margin10 no-margin-right no-margin-left\" style=\"border-collapse: collapse;margin: 0.625rem;padding: 0.625rem;border: 1px solid #d9d9d9\"><\/div>\n<\/div>\n<\/div>\n<div class=\"row\" style=\"border-collapse: collapse;color: #000000;font-family: 'Segoe UI', 'Open Sans', sans-serif, serif;font-size: 16.8px\">\n<div class=\"cell size-p10 padding20 no-padding-left no-padding-right no-padding-bottom\" style=\"border-collapse: collapse;padding: 1.25rem;flex: 0 0 10%\"><\/div>\n<\/div>\n","protected":false},"excerpt":{"rendered":"<p>Le ministre des Affaires \u00e9conomiques et de la promotion des secteurs productifs, M. Ousmane Mamoudou Kane, a regagn\u00e9 Nouakchott, samedi, en provenance de Washington apr\u00e8s avoir particip\u00e9 aux r\u00e9unions du Groupe de la Banque Mondiale et du Fonds Mon\u00e9taire Internationale qui se sont tenues du 10 au 16 octobre 2022. Ces r\u00e9unions ont discut\u00e9 un [&hellip;]<\/p>\n","protected":false},"author":8,"featured_media":208478,"comment_status":"open","ping_status":"open","sticky":false,"template":"","format":"standard","meta":{"footnotes":""},"categories":[63918,63919,63957],"tags":[],"class_list":["post-208477","post","type-post","status-publish","format-standard","has-post-thumbnail","hentry","category-autres","category-choix-du-redacteur","category-fil-dactualite"],"_links":{"self":[{"href":"https:\/\/ami.mr\/fr\/wp-json\/wp\/v2\/posts\/208477","targetHints":{"allow":["GET"]}}],"collection":[{"href":"https:\/\/ami.mr\/fr\/wp-json\/wp\/v2\/posts"}],"about":[{"href":"https:\/\/ami.mr\/fr\/wp-json\/wp\/v2\/types\/post"}],"author":[{"embeddable":true,"href":"https:\/\/ami.mr\/fr\/wp-json\/wp\/v2\/users\/8"}],"replies":[{"embeddable":true,"href":"https:\/\/ami.mr\/fr\/wp-json\/wp\/v2\/comments?post=208477"}],"version-history":[{"count":1,"href":"https:\/\/ami.mr\/fr\/wp-json\/wp\/v2\/posts\/208477\/revisions"}],"predecessor-version":[{"id":208479,"href":"https:\/\/ami.mr\/fr\/wp-json\/wp\/v2\/posts\/208477\/revisions\/208479"}],"wp:featuredmedia":[{"embeddable":true,"href":"https:\/\/ami.mr\/fr\/wp-json\/wp\/v2\/media\/208478"}],"wp:attachment":[{"href":"https:\/\/ami.mr\/fr\/wp-json\/wp\/v2\/media?parent=208477"}],"wp:term":[{"taxonomy":"category","embeddable":true,"href":"https:\/\/ami.mr\/fr\/wp-json\/wp\/v2\/categories?post=208477"},{"taxonomy":"post_tag","embeddable":true,"href":"https:\/\/ami.mr\/fr\/wp-json\/wp\/v2\/tags?post=208477"}],"curies":[{"name":"wp","href":"https:\/\/api.w.org\/{rel}","templated":true}]}}