{"id":208450,"date":"2022-10-22T11:02:30","date_gmt":"2022-10-22T11:02:30","guid":{"rendered":"https:\/\/ami.mr\/fr\/?p=208450"},"modified":"2022-10-22T13:03:13","modified_gmt":"2022-10-22T13:03:13","slug":"le-ministre-de-la-justice-de-retour-a-nouakchott-en-provenance-du-maroc","status":"publish","type":"post","link":"https:\/\/ami.mr\/fr\/archives\/208450","title":{"rendered":"Le ministre de la justice de retour \u00e0 Nouakchott en provenance du Maroc"},"content":{"rendered":"<p>Le ministre de la Justice, M. Mohamed Mahmoud Ould Cheikh Abdallahi Ould Boye, a regagn\u00e9, samedi, Nouakchott en provenance du Maroc o\u00f9 il avait pris part \u00e0 la 70\u00e8me session du bureau ex\u00e9cutif du Conseil des ministres arabes de la justice et \u00e0 la 38\u00e8me session du Conseil des ministres arabes de la justice qui se sont tenues dans la ville d\u2019Ifrane (Maroc).<\/p>\n<p>Au menu des travaux de cette derni\u00e8re session figuraient, entre autres, le rapport du secr\u00e9tariat technique du Conseil, les d\u00e9cisions et les recommandations des 69\u00e8me et 70\u00e8me sessions du bureau ex\u00e9cutif du Conseil, le volet relatif au terrorisme, l\u2019harmonisation des l\u00e9gislations arabes et la convention arabe de lutte contre la gabegie.<\/p>\n<p>Au cours de cette session, la Mauritanie a \u00e9t\u00e9 \u00e9lue membre du conseil d\u2019administration du Centre Arabe de Recherches Juridiques et Judiciaires.<\/p>\n<p>Lors de ce d\u00e9placement, le ministre \u00e9tait accompagn\u00e9 des magistrats Amar Ould El Ghassem, Haroun Amar Ideghby et El Khalil Ahmed Elemine respectivement Conseiller technique du ministre de la Justice, Directeur des \u00e9tudes de la l\u00e9gislation et de la coop\u00e9ration et Directeur g\u00e9n\u00e9ral de l\u2019Office de Gestion des Biens Gel\u00e9, Saisis et Confisqu\u00e9s et du Recouvrement des Avoirs Criminels.<\/p>\n","protected":false},"excerpt":{"rendered":"<p>Le ministre de la Justice, M. Mohamed Mahmoud Ould Cheikh Abdallahi Ould Boye, a regagn\u00e9, samedi, Nouakchott en provenance du Maroc o\u00f9 il avait pris part \u00e0 la 70\u00e8me session du bureau ex\u00e9cutif du Conseil des ministres arabes de la justice et \u00e0 la 38\u00e8me session du Conseil des ministres arabes de la justice qui [&hellip;]<\/p>\n","protected":false},"author":10,"featured_media":208451,"comment_status":"open","ping_status":"open","sticky":false,"template":"","format":"standard","meta":{"footnotes":""},"categories":[63918,63919,63957,63959],"tags":[],"class_list":["post-208450","post","type-post","status-publish","format-standard","has-post-thumbnail","hentry","category-autres","category-choix-du-redacteur","category-fil-dactualite","category-mauritanie"],"_links":{"self":[{"href":"https:\/\/ami.mr\/fr\/wp-json\/wp\/v2\/posts\/208450","targetHints":{"allow":["GET"]}}],"collection":[{"href":"https:\/\/ami.mr\/fr\/wp-json\/wp\/v2\/posts"}],"about":[{"href":"https:\/\/ami.mr\/fr\/wp-json\/wp\/v2\/types\/post"}],"author":[{"embeddable":true,"href":"https:\/\/ami.mr\/fr\/wp-json\/wp\/v2\/users\/10"}],"replies":[{"embeddable":true,"href":"https:\/\/ami.mr\/fr\/wp-json\/wp\/v2\/comments?post=208450"}],"version-history":[{"count":2,"href":"https:\/\/ami.mr\/fr\/wp-json\/wp\/v2\/posts\/208450\/revisions"}],"predecessor-version":[{"id":208457,"href":"https:\/\/ami.mr\/fr\/wp-json\/wp\/v2\/posts\/208450\/revisions\/208457"}],"wp:featuredmedia":[{"embeddable":true,"href":"https:\/\/ami.mr\/fr\/wp-json\/wp\/v2\/media\/208451"}],"wp:attachment":[{"href":"https:\/\/ami.mr\/fr\/wp-json\/wp\/v2\/media?parent=208450"}],"wp:term":[{"taxonomy":"category","embeddable":true,"href":"https:\/\/ami.mr\/fr\/wp-json\/wp\/v2\/categories?post=208450"},{"taxonomy":"post_tag","embeddable":true,"href":"https:\/\/ami.mr\/fr\/wp-json\/wp\/v2\/tags?post=208450"}],"curies":[{"name":"wp","href":"https:\/\/api.w.org\/{rel}","templated":true}]}}