{"id":208419,"date":"2022-10-21T19:28:30","date_gmt":"2022-10-21T19:28:30","guid":{"rendered":"https:\/\/ami.mr\/fr\/?p=208419"},"modified":"2022-10-21T19:28:30","modified_gmt":"2022-10-21T19:28:30","slug":"le-ministre-de-lelevage-sentretient-avec-lambassadrice-du-royaume-despagne","status":"publish","type":"post","link":"https:\/\/ami.mr\/fr\/archives\/208419","title":{"rendered":"Le ministre de l\u2019Elevage s\u2019entretient avec l\u2019ambassadrice du Royaume d\u2019Espagne"},"content":{"rendered":"<div class=\"row\">\n<div class=\"cell auto-size bd-gray\" dir=\"ltr\"><\/div>\n<\/div>\n<div class=\"row\">\n<div class=\"cell auto-size\">\n<div class=\"set-border bd-gray padding10 margin10 no-margin-right no-margin-left \" dir=\"ltr\">\n<p>Le ministre de l\u2019El\u00e9vage, M. Mohamed Ould Abdallahi Ould Ethmane, a re\u00e7u, vendredi en son bureau \u00e0 Nouakchott, SE Mme Myriam Alvares Delrosa Rodriguez, l&#8217;ambassadrice du Royaume d&#8217;Espagne accr\u00e9dit\u00e9e aupr\u00e8s de notre pays, accompagn\u00e9e de Mme. Rita Santos Suarez, coordinatrice g\u00e9n\u00e9rale de l&#8217;Office espagnol de coop\u00e9ration technique en Mauritanie.<\/p>\n<p>Au cours de l&#8217;entretien, le ministre a pr\u00e9sent\u00e9 un expos\u00e9 d\u00e9taill\u00e9 sur l&#8217;importance du d\u00e9partement dans la politique gouvernementale et dans le programme de Son Excellence le Pr\u00e9sident de la R\u00e9publique, M. Mohamed Ould Cheikh El-Ghazouani (Taahoudaty), qui vise \u00e0 moderniser le secteur, valoriser le b\u00e9tail et lui cr\u00e9er une valeur ajout\u00e9e.<\/p>\n<p>\u00c0 son tour, l&#8217;ambassadrice espagnole s&#8217;est d\u00e9clar\u00e9e pr\u00eate \u00e0 renforcer la coop\u00e9ration dans des projets communs dans le domaine de l\u2019\u00e9levage, en particulier en ce qui concerne la sant\u00e9 et la production animales et \u00e9galement l\u2019\u00e9change d&#8217;exp\u00e9riences.<\/p>\n<p>La rencontre s&#8217;est d\u00e9roul\u00e9e en pr\u00e9sence du secr\u00e9taire g\u00e9n\u00e9ral du minist\u00e8re, M. Mady Ould Taleb, et de plusieurs responsables du d\u00e9partement.<\/p>\n<\/div>\n<\/div>\n<\/div>\n","protected":false},"excerpt":{"rendered":"<p>Le ministre de l\u2019El\u00e9vage, M. Mohamed Ould Abdallahi Ould Ethmane, a re\u00e7u, vendredi en son bureau \u00e0 Nouakchott, SE Mme Myriam Alvares Delrosa Rodriguez, l&#8217;ambassadrice du Royaume d&#8217;Espagne accr\u00e9dit\u00e9e aupr\u00e8s de notre pays, accompagn\u00e9e de Mme. Rita Santos Suarez, coordinatrice g\u00e9n\u00e9rale de l&#8217;Office espagnol de coop\u00e9ration technique en Mauritanie. Au cours de l&#8217;entretien, le ministre [&hellip;]<\/p>\n","protected":false},"author":18,"featured_media":208420,"comment_status":"open","ping_status":"open","sticky":false,"template":"","format":"standard","meta":{"footnotes":""},"categories":[63920,63919,63957],"tags":[],"class_list":["post-208419","post","type-post","status-publish","format-standard","has-post-thumbnail","hentry","category-a-la-une","category-choix-du-redacteur","category-fil-dactualite"],"_links":{"self":[{"href":"https:\/\/ami.mr\/fr\/wp-json\/wp\/v2\/posts\/208419","targetHints":{"allow":["GET"]}}],"collection":[{"href":"https:\/\/ami.mr\/fr\/wp-json\/wp\/v2\/posts"}],"about":[{"href":"https:\/\/ami.mr\/fr\/wp-json\/wp\/v2\/types\/post"}],"author":[{"embeddable":true,"href":"https:\/\/ami.mr\/fr\/wp-json\/wp\/v2\/users\/18"}],"replies":[{"embeddable":true,"href":"https:\/\/ami.mr\/fr\/wp-json\/wp\/v2\/comments?post=208419"}],"version-history":[{"count":1,"href":"https:\/\/ami.mr\/fr\/wp-json\/wp\/v2\/posts\/208419\/revisions"}],"predecessor-version":[{"id":208421,"href":"https:\/\/ami.mr\/fr\/wp-json\/wp\/v2\/posts\/208419\/revisions\/208421"}],"wp:featuredmedia":[{"embeddable":true,"href":"https:\/\/ami.mr\/fr\/wp-json\/wp\/v2\/media\/208420"}],"wp:attachment":[{"href":"https:\/\/ami.mr\/fr\/wp-json\/wp\/v2\/media?parent=208419"}],"wp:term":[{"taxonomy":"category","embeddable":true,"href":"https:\/\/ami.mr\/fr\/wp-json\/wp\/v2\/categories?post=208419"},{"taxonomy":"post_tag","embeddable":true,"href":"https:\/\/ami.mr\/fr\/wp-json\/wp\/v2\/tags?post=208419"}],"curies":[{"name":"wp","href":"https:\/\/api.w.org\/{rel}","templated":true}]}}