{"id":208002,"date":"2022-10-17T11:13:00","date_gmt":"2022-10-17T11:13:00","guid":{"rendered":"https:\/\/ami.mr\/fr\/?p=208002"},"modified":"2022-10-17T15:51:56","modified_gmt":"2022-10-17T15:51:56","slug":"les-actions-seront-intensifiees-pour-assurer-le-succes-de-la-presente-campagne-agricole-ministre-de-lagriculture","status":"publish","type":"post","link":"https:\/\/ami.mr\/fr\/archives\/208002","title":{"rendered":"\u00abLes actions seront intensifi\u00e9es pour assurer le succ\u00e8s de la pr\u00e9sente campagne agricole \u00bb (Ministre de l\u2019Agriculture)"},"content":{"rendered":"<p>le ministre de l&#8217;Agriculture, M. Yahya Ould Ahmed El Waghf, a pr\u00e9sid\u00e9, dimanche \u00e0 la Maison des Jeunes de N\u00e9ma, en compagnie du wali du Hodh Charghi, M. Isselmou Ould Sidi, une r\u00e9union qui a regroup\u00e9 des \u00e9lus de la wilaya et des repr\u00e9sentants des agriculteurs.<\/p>\n<p>La r\u00e9union a \u00e9t\u00e9 consacr\u00e9e \u00e0 l&#8217;\u00e9valuation de l&#8217;\u00e9tat d&#8217;avancement de la campagne agricole 2022-2023 afin d&#8217;identifier les lacunes et les obstacles pour \u00e9laborer des plans r\u00e9fl\u00e9chis bas\u00e9s sur les priorit\u00e9s.<\/p>\n<p>L\u2019occasion pour le ministre de souligner que cette rencontre vise \u00e0 surmonter les difficult\u00e9s et \u00e0 compenser les opportunit\u00e9s manqu\u00e9es r\u00e9sultant de l&#8217;\u00e9loignement de la r\u00e9gion du syst\u00e8me \u00e9conomique national. Il s\u2019agit, a-t-il dit, d\u2019acc\u00e9l\u00e9rer les actions pour assurer la fourniture des semences, d&#8217;engrais et de machines agricoles, ainsi que la protection des fermes contre les animaux en divagation et de lutter contre les ravageurs de cultures pour garantir une bonne campagne agricole conform\u00e9ment aux instructions de Son Excellence le Pr\u00e9sident de la R\u00e9publique, Monsieur Mohamed Ould Cheikh El Ghazouani pour l\u2019atteinte de l&#8217;autosuffisance et construction d\u2019une \u00e9conomie r\u00e9siliente.<\/p>\n<p>Il a assur\u00e9 que les actions seront intensifi\u00e9es pour assurer le succ\u00e8s de la pr\u00e9sente campagne agricole<\/p>\n<p>Pour sa part, le maire de la Commune de N\u00e9ma, M. Sidi Mohamed Ould Mohamed a salu\u00e9 les efforts du gouvernement pour faire de la campagne agricole un succ\u00e8s, rappelant les r\u00e9percussions positives du d\u00e9veloppement de cette activit\u00e9 \u00e9conomique dans la lutte contre le ch\u00f4mage et la pauvret\u00e9 et son impact sur la promotion du d\u00e9veloppement local.<\/p>\n<p>Les \u00e9lus et les agriculteurs ont unanimement convenu de la n\u00e9cessit\u00e9 de r\u00e9soudre les probl\u00e8mes li\u00e9s \u00e0 la s\u00e9curisation du produit agricole contre les ravageurs et les animaux par l\u2019installation d\u2019enclos.<\/p>\n<p>En r\u00e9ponse \u00e0 leurs diff\u00e9rentes interventions, le ministre a assur\u00e9 les agriculteurs de la volont\u00e9 du gouvernement de r\u00e9soudre les probl\u00e8mes auxquels ils font face, pr\u00e9cisant que son d\u00e9partement travaille actuellement \u00e0 l&#8217;introduction de la m\u00e9canisation dans le secteur et \u00e0 conduire de nombreuses autres actions qui vont contribuer \u00e0 r\u00e9soudre la plupart de ces probl\u00e8mes.<\/p>\n<p>De son c\u00f4t\u00e9, Mme Fatma Vall Mint Souenae, directrice g\u00e9n\u00e9rale de la Soci\u00e9t\u00e9 mauritanienne des produits de l\u2019\u00e9levage, a soulign\u00e9 la n\u00e9cessit\u00e9 d&#8217;une coordination entre les secteurs v\u00e9t\u00e9rinaire et agricole pour encourager la culture fourrag\u00e8re, qui constitue un d\u00e9nominateur commun entre les deux secteurs.<\/p>\n<p>Auparavant, le ministre de l&#8217;Agriculture, M. Yahya Ould Ahmed Al-Waqf, avait effectu\u00e9 des escales au Hodh El ghaebi, notamment au niveau du barrage Ismail dans la commune de Tenhammad, \u00e0 14 km d\u2019A\u00efoun, pour s\u2019informer de l\u2019\u00e9tat des ouvrages hydrauliques et plus globalement du d\u00e9roulement de la campagne agricole.<\/p>\n<p>L\u2019ouvrage d\u2019Ismail a \u00e9t\u00e9 construit en 2003 dans le cadre de la coop\u00e9ration mauritano-allemande au titre du programme de construction de 10 barrages dans les moughataas de Tamchekett et d\u2019A\u00efoun.<\/p>\n<p>Le Ministre a visit\u00e9 \u00e9galement la base logistique du Centre national de lutte antiacridienne \u00e0 A\u00efoun et un site maraicher d\u2019une superficie de 4 hectares dans la zone \u00ab Kelb Samba \u00bb dans la commune d&#8217;Ensavenni dans la moughataa d\u2019A\u00efoun ; site qui a b\u00e9n\u00e9fici\u00e9 de l&#8217;appui du minist\u00e8re de l&#8217;Agriculture, \u00e0 travers notamment la fourniture de grillages et d\u2019\u00e9quipements d&#8217;irrigation.<\/p>\n","protected":false},"excerpt":{"rendered":"<p>le ministre de l&#8217;Agriculture, M. Yahya Ould Ahmed El Waghf, a pr\u00e9sid\u00e9, dimanche \u00e0 la Maison des Jeunes de N\u00e9ma, en compagnie du wali du Hodh Charghi, M. Isselmou Ould Sidi, une r\u00e9union qui a regroup\u00e9 des \u00e9lus de la wilaya et des repr\u00e9sentants des agriculteurs. La r\u00e9union a \u00e9t\u00e9 consacr\u00e9e \u00e0 l&#8217;\u00e9valuation de l&#8217;\u00e9tat [&hellip;]<\/p>\n","protected":false},"author":10,"featured_media":208003,"comment_status":"open","ping_status":"open","sticky":false,"template":"","format":"standard","meta":{"footnotes":""},"categories":[63918,63919,63957,63923,8672],"tags":[],"class_list":["post-208002","post","type-post","status-publish","format-standard","has-post-thumbnail","hentry","category-autres","category-choix-du-redacteur","category-fil-dactualite","category-slider-wilayas","category-8672"],"_links":{"self":[{"href":"https:\/\/ami.mr\/fr\/wp-json\/wp\/v2\/posts\/208002","targetHints":{"allow":["GET"]}}],"collection":[{"href":"https:\/\/ami.mr\/fr\/wp-json\/wp\/v2\/posts"}],"about":[{"href":"https:\/\/ami.mr\/fr\/wp-json\/wp\/v2\/types\/post"}],"author":[{"embeddable":true,"href":"https:\/\/ami.mr\/fr\/wp-json\/wp\/v2\/users\/10"}],"replies":[{"embeddable":true,"href":"https:\/\/ami.mr\/fr\/wp-json\/wp\/v2\/comments?post=208002"}],"version-history":[{"count":1,"href":"https:\/\/ami.mr\/fr\/wp-json\/wp\/v2\/posts\/208002\/revisions"}],"predecessor-version":[{"id":208004,"href":"https:\/\/ami.mr\/fr\/wp-json\/wp\/v2\/posts\/208002\/revisions\/208004"}],"wp:featuredmedia":[{"embeddable":true,"href":"https:\/\/ami.mr\/fr\/wp-json\/wp\/v2\/media\/208003"}],"wp:attachment":[{"href":"https:\/\/ami.mr\/fr\/wp-json\/wp\/v2\/media?parent=208002"}],"wp:term":[{"taxonomy":"category","embeddable":true,"href":"https:\/\/ami.mr\/fr\/wp-json\/wp\/v2\/categories?post=208002"},{"taxonomy":"post_tag","embeddable":true,"href":"https:\/\/ami.mr\/fr\/wp-json\/wp\/v2\/tags?post=208002"}],"curies":[{"name":"wp","href":"https:\/\/api.w.org\/{rel}","templated":true}]}}