{"id":207879,"date":"2022-10-14T19:42:23","date_gmt":"2022-10-14T19:42:23","guid":{"rendered":"https:\/\/ami.mr\/fr\/?p=207879"},"modified":"2022-10-14T19:42:23","modified_gmt":"2022-10-14T19:42:23","slug":"le-ministre-de-leducation-effectue-une-visite-dans-des-etablissements-scolaires-a-nouakchott","status":"publish","type":"post","link":"https:\/\/ami.mr\/fr\/archives\/207879","title":{"rendered":"Le ministre de l\u2019Education effectue une visite dans des \u00e9tablissements scolaires \u00e0 Nouakchott"},"content":{"rendered":"<div class=\"row\"><\/div>\n<div class=\"row\">\n<div class=\"cell auto-size\">\n<div class=\"set-border bd-gray padding10 margin10 no-margin-right no-margin-left \" dir=\"ltr\">\n<p>Le ministre de l&#8217;Education nationale et de la R\u00e9forme du syst\u00e8me \u00e9ducatif, M. Brahim Val Ould Mohamed Lemine, a effectu\u00e9, vendredi, une visite d&#8217;inspection \u00e0 l&#8217;\u00e9cole primaire \u2018\u2019Zahra\u2019\u2019 dans la wilaya de Nouakchott nord.<\/p>\n<p>Le ministre, accompagn\u00e9 d\u2019une d\u00e9l\u00e9gation de son d\u00e9partement, a visit\u00e9 les salles de classe de l&#8217;\u00e9cole et a \u00e9t\u00e9 inform\u00e9 du niveau d\u2019affluence des \u00e9l\u00e8ves et de l&#8217;assiduit\u00e9 des enseignants. Il a \u00e9galement re\u00e7u des explications du personnel de l&#8217;\u00e9cole sur la nature du travail et les probl\u00e8mes rencontr\u00e9s.<\/p>\n<p>Dans une d\u00e9claration \u00e0 l&#8217;Agence mauritanienne d&#8217;Information, le ministre a indiqu\u00e9 que la visite lui a permis de constater sur le terrain les conditions dans lesquelles l\u2019ouverture des classes a eu lieu.<\/p>\n<p>Il a indiqu\u00e9 que la visite a \u00e9t\u00e9 l&#8217;occasion de discuter avec les responsables des \u00e9tablissements scolaires et les parents d\u2019\u00e9l\u00e8ves, et de prendre en consid\u00e9ration leurs remarques sur les dispositions n\u00e9cessaires \u00e0 l\u2019identification des probl\u00e8mes existants afin de leur trouver des solutions.<\/p>\n<p>Il a ajout\u00e9 que l&#8217;\u00e9cole r\u00e9publicaine doit \u00eatre un bon espace dans lequel tous les facteurs qui motiveraient les \u00e9tudiants \u00e0 \u00e9tudier dans des conditions acceptables, notant que les moyens font partie des questions sur lesquelles la nouvelle r\u00e9forme s&#8217;est concentr\u00e9e, car celle-ci vise \u00e0 \u00e9tablir de nouvelles valeurs pour cette \u00e9cole qui diff\u00e8rent par la forme, le contenu de ce qui pr\u00e9valait.<\/p>\n<p>Pour sa part, le pr\u00e9sident de l&#8217;Union du Patronat mauritanien, M. Mohamed Zeine El Abidine Ould Cheikh Ahmed, a affirm\u00e9 que toutes les institutions du secteur sont pr\u00eates \u00e0 accompagner les pouvoirs publics sur la voie de la r\u00e9ussite du programme de l&#8217;\u00e9cole r\u00e9publicaine, notant leur disposition \u00e0 \u00e9tablir un partenariat dans ce domaine.<\/p>\n<p>Il a ajout\u00e9 que ces \u00e9tablissements ont \u00e9t\u00e9 r\u00e9partis en groupes qui auront \u00e0 r\u00e9habiliter les \u00e9coles et combler toutes les lacunes existantes, notant que le d\u00e9marrage effectif des travaux commencera d\u00e8s samedi et se poursuivra pendant un mois entier.<\/p>\n<p>Il a d\u00e9clar\u00e9 que le secteur priv\u00e9 est tout \u00e0 fait pr\u00eat \u00e0 fournir des uniformes scolaires sur le march\u00e9 avec les sp\u00e9cifications souhait\u00e9es par l&#8217;\u00c9tat en temps opportun, et les entreprises de travaux publics se sont \u00e9galement engag\u00e9es \u00e0 fournir des uniformes scolaires aux \u00e9coles qu\u2019elles seront charg\u00e9es de r\u00e9fectionner.<\/p>\n<p>Lors de cette visite, le ministre \u00e9tait accompagn\u00e9 du secr\u00e9taire g\u00e9n\u00e9ral du minist\u00e8re, du wali de Nouakchott Nord, du hakem de la moughataa de Dar-Naim et de son maire, des repr\u00e9sentants des autorit\u00e9s administratives et s\u00e9curitaires et plusieurs hauts responsables du d\u00e9partement de l\u2019Education nationale.<\/p>\n<\/div>\n<\/div>\n<\/div>\n","protected":false},"excerpt":{"rendered":"<p>Le ministre de l&#8217;Education nationale et de la R\u00e9forme du syst\u00e8me \u00e9ducatif, M. Brahim Val Ould Mohamed Lemine, a effectu\u00e9, vendredi, une visite d&#8217;inspection \u00e0 l&#8217;\u00e9cole primaire \u2018\u2019Zahra\u2019\u2019 dans la wilaya de Nouakchott nord. Le ministre, accompagn\u00e9 d\u2019une d\u00e9l\u00e9gation de son d\u00e9partement, a visit\u00e9 les salles de classe de l&#8217;\u00e9cole et a \u00e9t\u00e9 inform\u00e9 du [&hellip;]<\/p>\n","protected":false},"author":10,"featured_media":207880,"comment_status":"open","ping_status":"open","sticky":false,"template":"","format":"standard","meta":{"footnotes":""},"categories":[63920,63919,63957],"tags":[],"class_list":["post-207879","post","type-post","status-publish","format-standard","has-post-thumbnail","hentry","category-a-la-une","category-choix-du-redacteur","category-fil-dactualite"],"_links":{"self":[{"href":"https:\/\/ami.mr\/fr\/wp-json\/wp\/v2\/posts\/207879","targetHints":{"allow":["GET"]}}],"collection":[{"href":"https:\/\/ami.mr\/fr\/wp-json\/wp\/v2\/posts"}],"about":[{"href":"https:\/\/ami.mr\/fr\/wp-json\/wp\/v2\/types\/post"}],"author":[{"embeddable":true,"href":"https:\/\/ami.mr\/fr\/wp-json\/wp\/v2\/users\/10"}],"replies":[{"embeddable":true,"href":"https:\/\/ami.mr\/fr\/wp-json\/wp\/v2\/comments?post=207879"}],"version-history":[{"count":1,"href":"https:\/\/ami.mr\/fr\/wp-json\/wp\/v2\/posts\/207879\/revisions"}],"predecessor-version":[{"id":207881,"href":"https:\/\/ami.mr\/fr\/wp-json\/wp\/v2\/posts\/207879\/revisions\/207881"}],"wp:featuredmedia":[{"embeddable":true,"href":"https:\/\/ami.mr\/fr\/wp-json\/wp\/v2\/media\/207880"}],"wp:attachment":[{"href":"https:\/\/ami.mr\/fr\/wp-json\/wp\/v2\/media?parent=207879"}],"wp:term":[{"taxonomy":"category","embeddable":true,"href":"https:\/\/ami.mr\/fr\/wp-json\/wp\/v2\/categories?post=207879"},{"taxonomy":"post_tag","embeddable":true,"href":"https:\/\/ami.mr\/fr\/wp-json\/wp\/v2\/tags?post=207879"}],"curies":[{"name":"wp","href":"https:\/\/api.w.org\/{rel}","templated":true}]}}