{"id":207875,"date":"2022-10-14T18:52:58","date_gmt":"2022-10-14T18:52:58","guid":{"rendered":"https:\/\/ami.mr\/fr\/?p=207875"},"modified":"2022-10-17T13:46:53","modified_gmt":"2022-10-17T13:46:53","slug":"le-president-de-la-republique-recoit-le-rapport-annuel-de-la-commission-nationale-des-droits-de-lhomme-8","status":"publish","type":"post","link":"https:\/\/ami.mr\/fr\/archives\/207875","title":{"rendered":"Le Pr\u00e9sident de la R\u00e9publique re\u00e7oit le rapport annuel de la Commission nationale des Droits de l&#8217;Homme"},"content":{"rendered":"<div class=\"row\">\n<div class=\"cell auto-size bd-gray\" dir=\"ltr\"><\/div>\n<\/div>\n<div class=\"row\">\n<div class=\"cell auto-size\">\n<div class=\"set-border bd-gray padding10 margin10 no-margin-right no-margin-left \" dir=\"ltr\">\n<p>Son Excellence le Pr\u00e9sident de la R\u00e9publique, M. Mohamed Ould Cheikh El Ghazouani, a re\u00e7u le rapport annuel de la Commission nationale des Droits de l&#8217;Homme sur la situation des droits de l&#8217;homme en Mauritanie au cours des ann\u00e9es 2021 et 2022.<\/p>\n<p>La remise de ce rapport a eu lieu lors d&#8217;une r\u00e9ception que Son Excellence le Pr\u00e9sident de la R\u00e9publique a accord\u00e9e, vendredi, au palais pr\u00e9sidentiel \u00e0 Nouakchott, au Pr\u00e9sident du Comit\u00e9 national des droits de l&#8217;homme, M. Ahmed Salem Ould Bouhoubeini.<\/p>\n<p>Dans une d\u00e9claration \u00e0 l&#8217;Agence mauritanienne d&#8217;Information \u00e0 l\u2019issue de l\u2019entrevue, le pr\u00e9sident du Comit\u00e9 national des droits de l&#8217;homme a d\u00e9clar\u00e9 avoir rencontr\u00e9 le pr\u00e9sident de la R\u00e9publique, M. Mohamed Ould Cheikh El Ghazouani, auquel il a remis le rapport du Comit\u00e9 national des droits de l&#8217;homme pour les ann\u00e9es 2021 et 2022.<\/p>\n<p>Il a d\u00e9clar\u00e9 que le rapport du comit\u00e9 au cours de ces deux ann\u00e9es s&#8217;\u00e9tait principalement concentr\u00e9 sur les questions de justice, de changement climatique, de pand\u00e9mie de COVID-19 et d&#8217;\u00e9lections dans le domaine des droits de l&#8217;homme.<\/p>\n<p>Il s&#8217;est f\u00e9licit\u00e9 du soutien du pr\u00e9sident aux efforts entrepris par le Comit\u00e9 national des droits de l&#8217;homme pour promouvoir et prot\u00e9ger les droits de l&#8217;homme dans le pays.<\/p>\n<p>Il a soulign\u00e9 que ce soutien encourage la Commission \u00e0 poursuivre ses efforts pour prot\u00e9ger et promouvoir les droits de l&#8217;homme.<\/p>\n<\/div>\n<\/div>\n<\/div>\n","protected":false},"excerpt":{"rendered":"<p>Son Excellence le Pr\u00e9sident de la R\u00e9publique, M. Mohamed Ould Cheikh El Ghazouani, a re\u00e7u le rapport annuel de la Commission nationale des Droits de l&#8217;Homme sur la situation des droits de l&#8217;homme en Mauritanie au cours des ann\u00e9es 2021 et 2022. La remise de ce rapport a eu lieu lors d&#8217;une r\u00e9ception que Son [&hellip;]<\/p>\n","protected":false},"author":10,"featured_media":207878,"comment_status":"open","ping_status":"open","sticky":false,"template":"","format":"standard","meta":{"footnotes":""},"categories":[63919,63957,63959,63921,63927],"tags":[63991,63658],"class_list":["post-207875","post","type-post","status-publish","format-standard","has-post-thumbnail","hentry","category-choix-du-redacteur","category-fil-dactualite","category-mauritanie","category-slider-afficher","category-slider-mauritanie","tag-activites-presidentielles","tag-ahmeds"],"_links":{"self":[{"href":"https:\/\/ami.mr\/fr\/wp-json\/wp\/v2\/posts\/207875","targetHints":{"allow":["GET"]}}],"collection":[{"href":"https:\/\/ami.mr\/fr\/wp-json\/wp\/v2\/posts"}],"about":[{"href":"https:\/\/ami.mr\/fr\/wp-json\/wp\/v2\/types\/post"}],"author":[{"embeddable":true,"href":"https:\/\/ami.mr\/fr\/wp-json\/wp\/v2\/users\/10"}],"replies":[{"embeddable":true,"href":"https:\/\/ami.mr\/fr\/wp-json\/wp\/v2\/comments?post=207875"}],"version-history":[{"count":1,"href":"https:\/\/ami.mr\/fr\/wp-json\/wp\/v2\/posts\/207875\/revisions"}],"predecessor-version":[{"id":207877,"href":"https:\/\/ami.mr\/fr\/wp-json\/wp\/v2\/posts\/207875\/revisions\/207877"}],"wp:featuredmedia":[{"embeddable":true,"href":"https:\/\/ami.mr\/fr\/wp-json\/wp\/v2\/media\/207878"}],"wp:attachment":[{"href":"https:\/\/ami.mr\/fr\/wp-json\/wp\/v2\/media?parent=207875"}],"wp:term":[{"taxonomy":"category","embeddable":true,"href":"https:\/\/ami.mr\/fr\/wp-json\/wp\/v2\/categories?post=207875"},{"taxonomy":"post_tag","embeddable":true,"href":"https:\/\/ami.mr\/fr\/wp-json\/wp\/v2\/tags?post=207875"}],"curies":[{"name":"wp","href":"https:\/\/api.w.org\/{rel}","templated":true}]}}