{"id":207712,"date":"2022-10-12T19:56:52","date_gmt":"2022-10-12T19:56:52","guid":{"rendered":"https:\/\/ami.mr\/fr\/?p=207712"},"modified":"2022-10-13T14:20:54","modified_gmt":"2022-10-13T14:20:54","slug":"le-ministre-de-leducation-visite-lecole-ibn-sina","status":"publish","type":"post","link":"https:\/\/ami.mr\/fr\/archives\/207712","title":{"rendered":"Le ministre de l\u2019\u00e9ducation visite l&#8217;\u00e9cole Ibn Sina"},"content":{"rendered":"<p>Le ministre de l\u2019\u00c9ducation Nationale et de la R\u00e9forme du Syst\u00e8me \u00c9ducatif, M. Brahim Vall Mohamed Lemine a visit\u00e9 mercredi matin, l&#8217;\u00e9cole &#8220;Ibn Sina&#8221;, sise dans la wilaya de Nouakchott Ouest.<\/p>\n<p>Le ministre s\u2019est inform\u00e9 du d\u00e9roulement de l\u2019action p\u00e9dagogique, de la ponctualit\u00e9 du personnel enseignant et du taux d&#8217;inscription en premi\u00e8re ann\u00e9e, comme il s\u2019est entretenu au sujet des questions li\u00e9es \u00e0 la reprise des cours avec la directrice de l\u2019\u00e9tablissement, les instituteurs et l\u2019un des repr\u00e9sentants des parents d&#8217;\u00e9l\u00e8ves.<\/p>\n<p>M. Brahim Vall Mohamed Lemine a pris note des probl\u00e8mes soulev\u00e9s, assurant de la volont\u00e9 du D\u00e9partement de leur trouver des solutions concert\u00e9es avec les institutions concern\u00e9es.<\/p>\n<p>Le ministre a lou\u00e9 enfin les efforts d\u00e9ploy\u00e9s par les responsables de l&#8217;\u00e9cole et le respect des horaires officielles de travail.<\/p>\n<p>&nbsp;<\/p>\n","protected":false},"excerpt":{"rendered":"<p>Le ministre de l\u2019\u00c9ducation Nationale et de la R\u00e9forme du Syst\u00e8me \u00c9ducatif, M. Brahim Vall Mohamed Lemine a visit\u00e9 mercredi matin, l&#8217;\u00e9cole &#8220;Ibn Sina&#8221;, sise dans la wilaya de Nouakchott Ouest. Le ministre s\u2019est inform\u00e9 du d\u00e9roulement de l\u2019action p\u00e9dagogique, de la ponctualit\u00e9 du personnel enseignant et du taux d&#8217;inscription en premi\u00e8re ann\u00e9e, comme il [&hellip;]<\/p>\n","protected":false},"author":13,"featured_media":207715,"comment_status":"open","ping_status":"open","sticky":false,"template":"","format":"standard","meta":{"footnotes":""},"categories":[63920,63919,104,63957,63924],"tags":[],"class_list":["post-207712","post","type-post","status-publish","format-standard","has-post-thumbnail","hentry","category-a-la-une","category-choix-du-redacteur","category-104","category-fil-dactualite","category-slider-culture"],"_links":{"self":[{"href":"https:\/\/ami.mr\/fr\/wp-json\/wp\/v2\/posts\/207712","targetHints":{"allow":["GET"]}}],"collection":[{"href":"https:\/\/ami.mr\/fr\/wp-json\/wp\/v2\/posts"}],"about":[{"href":"https:\/\/ami.mr\/fr\/wp-json\/wp\/v2\/types\/post"}],"author":[{"embeddable":true,"href":"https:\/\/ami.mr\/fr\/wp-json\/wp\/v2\/users\/13"}],"replies":[{"embeddable":true,"href":"https:\/\/ami.mr\/fr\/wp-json\/wp\/v2\/comments?post=207712"}],"version-history":[{"count":1,"href":"https:\/\/ami.mr\/fr\/wp-json\/wp\/v2\/posts\/207712\/revisions"}],"predecessor-version":[{"id":207716,"href":"https:\/\/ami.mr\/fr\/wp-json\/wp\/v2\/posts\/207712\/revisions\/207716"}],"wp:featuredmedia":[{"embeddable":true,"href":"https:\/\/ami.mr\/fr\/wp-json\/wp\/v2\/media\/207715"}],"wp:attachment":[{"href":"https:\/\/ami.mr\/fr\/wp-json\/wp\/v2\/media?parent=207712"}],"wp:term":[{"taxonomy":"category","embeddable":true,"href":"https:\/\/ami.mr\/fr\/wp-json\/wp\/v2\/categories?post=207712"},{"taxonomy":"post_tag","embeddable":true,"href":"https:\/\/ami.mr\/fr\/wp-json\/wp\/v2\/tags?post=207712"}],"curies":[{"name":"wp","href":"https:\/\/api.w.org\/{rel}","templated":true}]}}