{"id":207611,"date":"2022-10-11T21:16:33","date_gmt":"2022-10-11T21:16:33","guid":{"rendered":"https:\/\/ami.mr\/fr\/?p=207611"},"modified":"2022-10-17T15:21:47","modified_gmt":"2022-10-17T15:21:47","slug":"le-premier-ministre-recoit-les-ministres-de-la-recherche-scientifique-du-groupe-des-pays-du-dialogue-5-5","status":"publish","type":"post","link":"https:\/\/ami.mr\/fr\/archives\/207611","title":{"rendered":"Le Premier ministre re\u00e7oit les ministres de la Recherche scientifique du Groupe des pays du dialogue 5 + 5"},"content":{"rendered":"<div class=\"row\"><\/div>\n<div class=\"row\">\n<div class=\"cell auto-size\">\n<div class=\"set-border bd-gray padding10 margin10 no-margin-right no-margin-left \" dir=\"ltr\">\n<p>M. Mohamed Ould Bilal Messoud a re\u00e7u mardi en audience dans son bureau au Premier minist\u00e8re, les ministres de la Recherche Scientifique, de l\u2019Innovation et de l\u2019Enseignement sup\u00e9rieur du Groupe des pays du dialogue de 5 + 5 participant \u00e0 la cinqui\u00e8me conf\u00e9rence de ce groupe qui se tient actuellement \u00e0 Nouakchott.<\/p>\n<p>M. Kamal Badari, ministre alg\u00e9rien de l\u2019enseignement sup\u00e9rieur et de la recherche scientifique, a pr\u00e9cis\u00e9, au nom de ses coll\u00e8gues, dans une d\u00e9claration \u00e0 l\u2019Agence mauritanienne d\u2019information \u00e0 l\u2019issue de la r\u00e9union, qu\u2019ils \u00e9taient venus exprimer au Premier ministre leur satisfaction quant \u00e0 la convocation de cette r\u00e9union et l\u2019organisation rigoureuse de ses travaux.<\/p>\n<p>La r\u00e9union, ajoute -t- il, a \u00e9t\u00e9 l\u2019occasion d\u2019\u00e9tudier et de discuter les diff\u00e9rentes questions soulev\u00e9es par chaque \u00c9tat ; de rechercher les moyens les plus efficaces de r\u00e9soudre les questions en suspens ; de donner de l\u2019importance aux pourparlers et \u00e0 la coop\u00e9ration bilat\u00e9rale ainsi qu\u2019\u00e0 la coop\u00e9ration multilat\u00e9rale pour atteindre les objectifs du Groupe.<\/p>\n<p>Au cours de la p\u00e9riode \u00e0 venir, ils (les participants), \u0153uvreront \u00e0 d\u00e9velopper cette coop\u00e9ration pour la r\u00e9ussite du Groupe.<\/p>\n<p>M. Kamal Badari a exprim\u00e9 ses sinc\u00e8res remerciements \u00e0 la R\u00e9publique islamique de Mauritanie pour l\u2019organisation rigoureuse de cette importante r\u00e9union. Dans la m\u00eame perspective, il a remerci\u00e9 le ministre de l\u2019Enseignement Sup\u00e9rieur et de la Recherche Scientifique pour ses efforts en vue de la r\u00e9ussite de ce sommet dont les r\u00e9sultats seront visibles dans les prochains jours.<\/p>\n<p>La r\u00e9union a \u00e9t\u00e9 l\u2019occasion, dit-il, d\u2019\u00e9valuer toutes les forces et faiblesses, en accordant une importance particuli\u00e8re \u00e0 la question de l\u2019innovation, qui est la pierre angulaire du progr\u00e8s des peuples de la r\u00e9gion, et en s\u2019effor\u00e7ant d\u2019\u00e9tendre cette coop\u00e9ration \u00e0 un partenariat dans le domaine de l\u2019innovation, l\u2019enseignement sup\u00e9rieur et la recherche, tout en veillant \u00e0 ce que les efforts de tous soient conjugu\u00e9s pour que tous puissent en tirer profit.<\/p>\n<p>Enfin, il a sinc\u00e8rement remerci\u00e9 le Groupe de Dialogue 5 + 5 de la R\u00e9publique islamique de Mauritanie pour l\u2019accueil chaleureux et l\u2019hospitalit\u00e9 qu\u2019ils leur ont r\u00e9serv\u00e9 tout au long de leur s\u00e9jour.<\/p>\n<p>La r\u00e9union s&#8217;est d\u00e9roul\u00e9e en pr\u00e9sence de la directrice du Cabinet du Premier ministre, Mme Aicha Vall Verg\u00e8s, et de la conseill\u00e8re du Premier ministre en charge de l\u2019\u00e9ducation, Mme Houda Babah.<\/p>\n<\/div>\n<\/div>\n<\/div>\n","protected":false},"excerpt":{"rendered":"<p>M. Mohamed Ould Bilal Messoud a re\u00e7u mardi en audience dans son bureau au Premier minist\u00e8re, les ministres de la Recherche Scientifique, de l\u2019Innovation et de l\u2019Enseignement sup\u00e9rieur du Groupe des pays du dialogue de 5 + 5 participant \u00e0 la cinqui\u00e8me conf\u00e9rence de ce groupe qui se tient actuellement \u00e0 Nouakchott. M. Kamal Badari, [&hellip;]<\/p>\n","protected":false},"author":8,"featured_media":207612,"comment_status":"open","ping_status":"open","sticky":false,"template":"","format":"standard","meta":{"footnotes":""},"categories":[63919,63957,63959,63921,63927],"tags":[63990],"class_list":["post-207611","post","type-post","status-publish","format-standard","has-post-thumbnail","hentry","category-choix-du-redacteur","category-fil-dactualite","category-mauritanie","category-slider-afficher","category-slider-mauritanie","tag-activites-gouvernementales"],"_links":{"self":[{"href":"https:\/\/ami.mr\/fr\/wp-json\/wp\/v2\/posts\/207611","targetHints":{"allow":["GET"]}}],"collection":[{"href":"https:\/\/ami.mr\/fr\/wp-json\/wp\/v2\/posts"}],"about":[{"href":"https:\/\/ami.mr\/fr\/wp-json\/wp\/v2\/types\/post"}],"author":[{"embeddable":true,"href":"https:\/\/ami.mr\/fr\/wp-json\/wp\/v2\/users\/8"}],"replies":[{"embeddable":true,"href":"https:\/\/ami.mr\/fr\/wp-json\/wp\/v2\/comments?post=207611"}],"version-history":[{"count":1,"href":"https:\/\/ami.mr\/fr\/wp-json\/wp\/v2\/posts\/207611\/revisions"}],"predecessor-version":[{"id":207613,"href":"https:\/\/ami.mr\/fr\/wp-json\/wp\/v2\/posts\/207611\/revisions\/207613"}],"wp:featuredmedia":[{"embeddable":true,"href":"https:\/\/ami.mr\/fr\/wp-json\/wp\/v2\/media\/207612"}],"wp:attachment":[{"href":"https:\/\/ami.mr\/fr\/wp-json\/wp\/v2\/media?parent=207611"}],"wp:term":[{"taxonomy":"category","embeddable":true,"href":"https:\/\/ami.mr\/fr\/wp-json\/wp\/v2\/categories?post=207611"},{"taxonomy":"post_tag","embeddable":true,"href":"https:\/\/ami.mr\/fr\/wp-json\/wp\/v2\/tags?post=207611"}],"curies":[{"name":"wp","href":"https:\/\/api.w.org\/{rel}","templated":true}]}}