{"id":207596,"date":"2022-10-11T19:04:37","date_gmt":"2022-10-11T19:04:37","guid":{"rendered":"https:\/\/ami.mr\/fr\/?p=207596"},"modified":"2022-10-11T19:06:05","modified_gmt":"2022-10-11T19:06:05","slug":"la-conference-des-presidents-de-transmet-des-projets-de-loi-aux-commissions-specialisees","status":"publish","type":"post","link":"https:\/\/ami.mr\/fr\/archives\/207596","title":{"rendered":"La Conf\u00e9rence des pr\u00e9sidents de transmet des projets de loi aux commissions sp\u00e9cialis\u00e9es"},"content":{"rendered":"<div class=\"row\">\n<div class=\"cell auto-size bd-gray\" dir=\"ltr\"><\/div>\n<\/div>\n<div class=\"row\">\n<div class=\"cell auto-size\">\n<div class=\"set-border bd-gray padding10 margin10 no-margin-right no-margin-left \" dir=\"ltr\">\n<p>La Conf\u00e9rence des pr\u00e9sidents s\u2019est r\u00e9unie mardi \u00e0 l\u2019Assembl\u00e9e nationale sous la pr\u00e9sidence de M. Ahamdi Hamadi, premier vice-pr\u00e9sident de l\u2019Assembl\u00e9e nationale.<\/p>\n<p>Le gouvernement \u00e9tait repr\u00e9sent\u00e9 \u00e0 la r\u00e9union par le ministre de la Culture, de la Jeunesse et des Sports et des Relations avec le Parlement, M. Mohamed Ould Soueidatt.<\/p>\n<p>Au cours de cette r\u00e9union, la Conf\u00e9rence des pr\u00e9sidents a pris connaissance du d\u00e9p\u00f4t d\u2019un certain nombre de projets de loi soumis par le gouvernement, ainsi que d\u2019un certain nombre de questions orales pos\u00e9es par certains d\u00e9put\u00e9s aux membres du gouvernement.<\/p>\n<p>La Conf\u00e9rence des pr\u00e9sidents a d\u00e9cid\u00e9 de renvoyer les projets de loi aux commissions permanentes sp\u00e9cialis\u00e9es de l\u2019Assembl\u00e9e nationale pour examen approfondi.<\/p>\n<\/div>\n<\/div>\n<\/div>\n","protected":false},"excerpt":{"rendered":"<p>La Conf\u00e9rence des pr\u00e9sidents s\u2019est r\u00e9unie mardi \u00e0 l\u2019Assembl\u00e9e nationale sous la pr\u00e9sidence de M. Ahamdi Hamadi, premier vice-pr\u00e9sident de l\u2019Assembl\u00e9e nationale. Le gouvernement \u00e9tait repr\u00e9sent\u00e9 \u00e0 la r\u00e9union par le ministre de la Culture, de la Jeunesse et des Sports et des Relations avec le Parlement, M. Mohamed Ould Soueidatt. Au cours de cette [&hellip;]<\/p>\n","protected":false},"author":8,"featured_media":207599,"comment_status":"open","ping_status":"open","sticky":false,"template":"","format":"standard","meta":{"footnotes":""},"categories":[63919,63957,25,63926],"tags":[],"class_list":["post-207596","post","type-post","status-publish","format-standard","has-post-thumbnail","hentry","category-choix-du-redacteur","category-fil-dactualite","category-25","category-slider-general"],"_links":{"self":[{"href":"https:\/\/ami.mr\/fr\/wp-json\/wp\/v2\/posts\/207596","targetHints":{"allow":["GET"]}}],"collection":[{"href":"https:\/\/ami.mr\/fr\/wp-json\/wp\/v2\/posts"}],"about":[{"href":"https:\/\/ami.mr\/fr\/wp-json\/wp\/v2\/types\/post"}],"author":[{"embeddable":true,"href":"https:\/\/ami.mr\/fr\/wp-json\/wp\/v2\/users\/8"}],"replies":[{"embeddable":true,"href":"https:\/\/ami.mr\/fr\/wp-json\/wp\/v2\/comments?post=207596"}],"version-history":[{"count":1,"href":"https:\/\/ami.mr\/fr\/wp-json\/wp\/v2\/posts\/207596\/revisions"}],"predecessor-version":[{"id":207600,"href":"https:\/\/ami.mr\/fr\/wp-json\/wp\/v2\/posts\/207596\/revisions\/207600"}],"wp:featuredmedia":[{"embeddable":true,"href":"https:\/\/ami.mr\/fr\/wp-json\/wp\/v2\/media\/207599"}],"wp:attachment":[{"href":"https:\/\/ami.mr\/fr\/wp-json\/wp\/v2\/media?parent=207596"}],"wp:term":[{"taxonomy":"category","embeddable":true,"href":"https:\/\/ami.mr\/fr\/wp-json\/wp\/v2\/categories?post=207596"},{"taxonomy":"post_tag","embeddable":true,"href":"https:\/\/ami.mr\/fr\/wp-json\/wp\/v2\/tags?post=207596"}],"curies":[{"name":"wp","href":"https:\/\/api.w.org\/{rel}","templated":true}]}}