{"id":207475,"date":"2022-10-09T21:16:57","date_gmt":"2022-10-09T21:16:57","guid":{"rendered":"https:\/\/ami.mr\/fr\/?p=207475"},"modified":"2022-10-09T21:16:57","modified_gmt":"2022-10-09T21:16:57","slug":"retour-a-nouakchott-du-ministre-du-petrole-3","status":"publish","type":"post","link":"https:\/\/ami.mr\/fr\/archives\/207475","title":{"rendered":"Retour \u00e0 Nouakchott du ministre du P\u00e9trole"},"content":{"rendered":"<div class=\"cell auto-size\">\n<div class=\"set-border bd-gray padding10 margin10 no-margin-right no-margin-left \" dir=\"ltr\">\n<p>M. Abdessalam Mohamed Saleh, ministre du P\u00e9trole, de l\u2019\u00c9nergie et des Mines a regagn\u00e9 la capitale samedi soir en provenance de France o\u00f9 il a particip\u00e9 au Sommet \u2018\u2019Ambition Afrique\u2019\u2019 organis\u00e9 sous les auspices du Pr\u00e9sident fran\u00e7ais Emmanuel Macron.<\/p>\n<p>Le ministre a \u00e9galement particip\u00e9 \u00e0 des forums sur l\u2019\u00e9nergie et a pr\u00e9sent\u00e9 la vision de la Mauritanie en mati\u00e8re d\u2019\u00e9nergie et sa contribution future \u00e0 l\u2019approvisionnement mondial en \u00e9nergie propre.<\/p>\n<\/div>\n<\/div>\n","protected":false},"excerpt":{"rendered":"<p>M. Abdessalam Mohamed Saleh, ministre du P\u00e9trole, de l\u2019\u00c9nergie et des Mines a regagn\u00e9 la capitale samedi soir en provenance de France o\u00f9 il a particip\u00e9 au Sommet \u2018\u2019Ambition Afrique\u2019\u2019 organis\u00e9 sous les auspices du Pr\u00e9sident fran\u00e7ais Emmanuel Macron. Le ministre a \u00e9galement particip\u00e9 \u00e0 des forums sur l\u2019\u00e9nergie et a pr\u00e9sent\u00e9 la vision de [&hellip;]<\/p>\n","protected":false},"author":18,"featured_media":207476,"comment_status":"open","ping_status":"open","sticky":false,"template":"","format":"standard","meta":{"footnotes":""},"categories":[63920,63919,63957],"tags":[],"class_list":["post-207475","post","type-post","status-publish","format-standard","has-post-thumbnail","hentry","category-a-la-une","category-choix-du-redacteur","category-fil-dactualite"],"_links":{"self":[{"href":"https:\/\/ami.mr\/fr\/wp-json\/wp\/v2\/posts\/207475","targetHints":{"allow":["GET"]}}],"collection":[{"href":"https:\/\/ami.mr\/fr\/wp-json\/wp\/v2\/posts"}],"about":[{"href":"https:\/\/ami.mr\/fr\/wp-json\/wp\/v2\/types\/post"}],"author":[{"embeddable":true,"href":"https:\/\/ami.mr\/fr\/wp-json\/wp\/v2\/users\/18"}],"replies":[{"embeddable":true,"href":"https:\/\/ami.mr\/fr\/wp-json\/wp\/v2\/comments?post=207475"}],"version-history":[{"count":1,"href":"https:\/\/ami.mr\/fr\/wp-json\/wp\/v2\/posts\/207475\/revisions"}],"predecessor-version":[{"id":207477,"href":"https:\/\/ami.mr\/fr\/wp-json\/wp\/v2\/posts\/207475\/revisions\/207477"}],"wp:featuredmedia":[{"embeddable":true,"href":"https:\/\/ami.mr\/fr\/wp-json\/wp\/v2\/media\/207476"}],"wp:attachment":[{"href":"https:\/\/ami.mr\/fr\/wp-json\/wp\/v2\/media?parent=207475"}],"wp:term":[{"taxonomy":"category","embeddable":true,"href":"https:\/\/ami.mr\/fr\/wp-json\/wp\/v2\/categories?post=207475"},{"taxonomy":"post_tag","embeddable":true,"href":"https:\/\/ami.mr\/fr\/wp-json\/wp\/v2\/tags?post=207475"}],"curies":[{"name":"wp","href":"https:\/\/api.w.org\/{rel}","templated":true}]}}