{"id":207432,"date":"2022-10-08T20:53:06","date_gmt":"2022-10-08T20:53:06","guid":{"rendered":"https:\/\/ami.mr\/fr\/?p=207432"},"modified":"2022-10-08T20:53:06","modified_gmt":"2022-10-08T20:53:06","slug":"condoleances-au-nom-du-president-de-la-republique-a-la-famille-de-cheikh-el-haj-el-michri","status":"publish","type":"post","link":"https:\/\/ami.mr\/fr\/archives\/207432","title":{"rendered":"Condol\u00e9ances au nom du Pr\u00e9sident de la R\u00e9publique \u00e0 la famille de Cheikh El Haj El-Michri"},"content":{"rendered":"<div class=\"cell auto-size\">\n<div class=\"set-border bd-gray padding10 margin10 no-margin-right no-margin-left \" dir=\"ltr\">\n<p>M. Mohamed Vall Ould Mohamed Mahmoud, wali mou\u00e7aid du Trarza a, au nom de Son Excellence M. Mohamed Ould Cheikh El Ghazouani, pr\u00e9sent\u00e9 samedi matin dans la localit\u00e9 de Maata Moulana, relevant de la commune de Bareina (moughataa de R\u2019Kiz), ses condol\u00e9ances et l\u2019expression de sa compassion \u00e0 la famille de Cheikh El Haj El Michri.<\/p>\n<p>C\u2019\u00e9tait \u00e0 la suite du d\u00e9c\u00e8s jeudi dernier \u00e0 la suite d\u2019une maladie de feu Mariem Mint El Haj El Michri.<\/p>\n<p>Le wali a transmis les condol\u00e9ances attrist\u00e9es de Son Excellence M. Mohamed Ould Cheikh El Ghazouani, Pr\u00e9sident de la R\u00e9publique, \u00e0 la famille de la d\u00e9funte \u00e0 cette triste occasion, a implor\u00e9 le Tout-Puissant de l\u2019entourer de sa mis\u00e9ricorde et de son pardon et souhait\u00e9 aux siens patience et consolation.<\/p>\n<p>Pour sa part, le Cheikh Ould seyid, porte-parole de la famille d\u2019Ahel Cheikh El Haj El Michri, a exprim\u00e9 ses sinc\u00e8res remerciements et sa gratitude \u00e0 Son Excellence le Pr\u00e9sident de la R\u00e9publique pour ses condol\u00e9ances et sa sympathie sinc\u00e8re et pour le soin qu\u2019il accorde \u00e0 ses concitoyens.<\/p>\n<p>Le wali mou\u00e7aid \u00e9tait accompagn\u00e9 du hakem de R\u2019Kiz et des responsables locaux.<\/p>\n<\/div>\n<\/div>\n","protected":false},"excerpt":{"rendered":"<p>M. Mohamed Vall Ould Mohamed Mahmoud, wali mou\u00e7aid du Trarza a, au nom de Son Excellence M. Mohamed Ould Cheikh El Ghazouani, pr\u00e9sent\u00e9 samedi matin dans la localit\u00e9 de Maata Moulana, relevant de la commune de Bareina (moughataa de R\u2019Kiz), ses condol\u00e9ances et l\u2019expression de sa compassion \u00e0 la famille de Cheikh El Haj El [&hellip;]<\/p>\n","protected":false},"author":18,"featured_media":207433,"comment_status":"open","ping_status":"open","sticky":false,"template":"","format":"standard","meta":{"footnotes":""},"categories":[63920,63919,63957],"tags":[],"class_list":["post-207432","post","type-post","status-publish","format-standard","has-post-thumbnail","hentry","category-a-la-une","category-choix-du-redacteur","category-fil-dactualite"],"_links":{"self":[{"href":"https:\/\/ami.mr\/fr\/wp-json\/wp\/v2\/posts\/207432","targetHints":{"allow":["GET"]}}],"collection":[{"href":"https:\/\/ami.mr\/fr\/wp-json\/wp\/v2\/posts"}],"about":[{"href":"https:\/\/ami.mr\/fr\/wp-json\/wp\/v2\/types\/post"}],"author":[{"embeddable":true,"href":"https:\/\/ami.mr\/fr\/wp-json\/wp\/v2\/users\/18"}],"replies":[{"embeddable":true,"href":"https:\/\/ami.mr\/fr\/wp-json\/wp\/v2\/comments?post=207432"}],"version-history":[{"count":1,"href":"https:\/\/ami.mr\/fr\/wp-json\/wp\/v2\/posts\/207432\/revisions"}],"predecessor-version":[{"id":207434,"href":"https:\/\/ami.mr\/fr\/wp-json\/wp\/v2\/posts\/207432\/revisions\/207434"}],"wp:featuredmedia":[{"embeddable":true,"href":"https:\/\/ami.mr\/fr\/wp-json\/wp\/v2\/media\/207433"}],"wp:attachment":[{"href":"https:\/\/ami.mr\/fr\/wp-json\/wp\/v2\/media?parent=207432"}],"wp:term":[{"taxonomy":"category","embeddable":true,"href":"https:\/\/ami.mr\/fr\/wp-json\/wp\/v2\/categories?post=207432"},{"taxonomy":"post_tag","embeddable":true,"href":"https:\/\/ami.mr\/fr\/wp-json\/wp\/v2\/tags?post=207432"}],"curies":[{"name":"wp","href":"https:\/\/api.w.org\/{rel}","templated":true}]}}