{"id":207233,"date":"2022-10-05T15:16:04","date_gmt":"2022-10-05T15:16:04","guid":{"rendered":"https:\/\/ami.mr\/fr\/?p=207233"},"modified":"2022-10-05T15:16:04","modified_gmt":"2022-10-05T15:16:04","slug":"organisation-dun-seminaire-de-formation-au-profit-de-80-gestionnaires","status":"publish","type":"post","link":"https:\/\/ami.mr\/fr\/archives\/207233","title":{"rendered":"Organisation d\u2019un s\u00e9minaire de formation au profit de 80 gestionnaires"},"content":{"rendered":"<p>Le minist\u00e8re de la Fonction publique et du Travail, en partenariat avec l\u2019Union europ\u00e9enne, a organis\u00e9, mercredi \u00e0 Nouakchott, un s\u00e9minaire de formation en faveur de 80 gestionnaires relevant des diff\u00e9rents d\u00e9partements minist\u00e9riels.<\/p>\n<p>Les participants au s\u00e9minaire, qui dure un seul jour, recevront des expos\u00e9s dans des th\u00e9matiques relatives aux ressources humaines.<\/p>\n<p>Dans un mot prononc\u00e9 pour la circonstance, le secr\u00e9taire g\u00e9n\u00e9ral du minist\u00e8re de la Fonction publique et du Travail, M. Mohamed Ould Abdellahi Essalem Ould Ahmedoua, a insist\u00e9 sur l\u2019importance de cette rencontre dans l\u2019atteinte des objectifs se rapportant \u00e0 la gestion et \u00e0 la valorisation des ressources humaines, signalant l\u2019int\u00e9r\u00eat que le repr\u00e9sente la formation dans le programme du Pr\u00e9sident de la R\u00e9publique Son Excellence Monsieur Mohamed Ould Cheikh El Ghazouani.<\/p>\n<p>Il a ajout\u00e9 que le programme de renforcement des capacit\u00e9s des fonctionnaires et agents de l\u2019Etat mis en \u0153uvre depuis deux ans \u00e0 l\u2019Ecole nationale d\u2019administration, du journalisme et de la magistrature, constitue une preuve tangible de l\u2019int\u00e9r\u00eat port\u00e9 par les hautes autorit\u00e9s du pays \u00e0 la formation continue.<\/p>\n<p>Le lancement des travaux du s\u00e9minaire s\u2019est d\u00e9roul\u00e9 en pr\u00e9sence du secr\u00e9taire g\u00e9n\u00e9ral du minist\u00e8re des finances, M. Mohamed El Moustapha, dit Idoumou Ould Abdi Ould Jiyid, du directeur g\u00e9n\u00e9ral de l\u2019Ecole nationale d\u2019administration, du journalisme et de la magistrature, au c\u00f4t\u00e9 du directeur g\u00e9n\u00e9ral de la Fonction publique.<\/p>\n","protected":false},"excerpt":{"rendered":"<p>Le minist\u00e8re de la Fonction publique et du Travail, en partenariat avec l\u2019Union europ\u00e9enne, a organis\u00e9, mercredi \u00e0 Nouakchott, un s\u00e9minaire de formation en faveur de 80 gestionnaires relevant des diff\u00e9rents d\u00e9partements minist\u00e9riels. Les participants au s\u00e9minaire, qui dure un seul jour, recevront des expos\u00e9s dans des th\u00e9matiques relatives aux ressources humaines. Dans un mot [&hellip;]<\/p>\n","protected":false},"author":11,"featured_media":207234,"comment_status":"open","ping_status":"open","sticky":false,"template":"","format":"standard","meta":{"footnotes":""},"categories":[63918,63919,63957],"tags":[],"class_list":["post-207233","post","type-post","status-publish","format-standard","has-post-thumbnail","hentry","category-autres","category-choix-du-redacteur","category-fil-dactualite"],"_links":{"self":[{"href":"https:\/\/ami.mr\/fr\/wp-json\/wp\/v2\/posts\/207233","targetHints":{"allow":["GET"]}}],"collection":[{"href":"https:\/\/ami.mr\/fr\/wp-json\/wp\/v2\/posts"}],"about":[{"href":"https:\/\/ami.mr\/fr\/wp-json\/wp\/v2\/types\/post"}],"author":[{"embeddable":true,"href":"https:\/\/ami.mr\/fr\/wp-json\/wp\/v2\/users\/11"}],"replies":[{"embeddable":true,"href":"https:\/\/ami.mr\/fr\/wp-json\/wp\/v2\/comments?post=207233"}],"version-history":[{"count":1,"href":"https:\/\/ami.mr\/fr\/wp-json\/wp\/v2\/posts\/207233\/revisions"}],"predecessor-version":[{"id":207235,"href":"https:\/\/ami.mr\/fr\/wp-json\/wp\/v2\/posts\/207233\/revisions\/207235"}],"wp:featuredmedia":[{"embeddable":true,"href":"https:\/\/ami.mr\/fr\/wp-json\/wp\/v2\/media\/207234"}],"wp:attachment":[{"href":"https:\/\/ami.mr\/fr\/wp-json\/wp\/v2\/media?parent=207233"}],"wp:term":[{"taxonomy":"category","embeddable":true,"href":"https:\/\/ami.mr\/fr\/wp-json\/wp\/v2\/categories?post=207233"},{"taxonomy":"post_tag","embeddable":true,"href":"https:\/\/ami.mr\/fr\/wp-json\/wp\/v2\/tags?post=207233"}],"curies":[{"name":"wp","href":"https:\/\/api.w.org\/{rel}","templated":true}]}}