{"id":207167,"date":"2022-10-04T18:36:00","date_gmt":"2022-10-04T18:36:00","guid":{"rendered":"https:\/\/ami.mr\/fr\/?p=207167"},"modified":"2022-10-04T18:36:00","modified_gmt":"2022-10-04T18:36:00","slug":"le-president-de-la-republique-recoit-les-lettres-de-creance-de-lambassadeur-du-pakistan-3","status":"publish","type":"post","link":"https:\/\/ami.mr\/fr\/archives\/207167","title":{"rendered":"Le Pr\u00e9sident de la R\u00e9publique re\u00e7oit les lettres de cr\u00e9ance de l&#8217;ambassadeur du Pakistan"},"content":{"rendered":"<div class=\"row\"><\/div>\n<div class=\"row\">\n<div class=\"cell auto-size\">\n<div class=\"set-border bd-gray padding10 margin10 no-margin-right no-margin-left \" dir=\"ltr\">\n<p>Son Excellence Monsieur Mohamed Ould Cheikh El Ghazouani, Pr\u00e9sident de la R\u00e9publique, a re\u00e7u mardi au Palais pr\u00e9sidentiel \u00e0 Nouakchott, les lettres de cr\u00e9ance de Son Excellence Monsieur Mohamed Tatiq, en sa qualit\u00e9 d&#8217;ambassadeur Extraordinaire et pl\u00e9nipotentiaire de la R\u00e9publique Islamique du Pakistan, aupr\u00e8s de la R\u00e9publique Islamique de Mauritanie.<\/p>\n<p>Apr\u00e8s avoir re\u00e7u les lettres de cr\u00e9ance, le Pr\u00e9sident de la R\u00e9publique a accord\u00e9 au diplomate pakistanais une audience en pr\u00e9sence de M. Mohamed Salem Ould Merzoug, ministre des Affaires \u00e9trang\u00e8res, de la Coop\u00e9ration et des Mauritaniens de l&#8217;ext\u00e9rieur.<\/p>\n<p>Dans une d\u00e9claration \u00e0 l&#8217;Agence mauritanienne d\u2019Information \u00e0 l\u2019issue de l\u2019audience, l&#8217;ambassadeur pakistanais a d\u00e9clar\u00e9 que la Mauritanie et le Pakistan entretiennent de bonnes relations, qu&#8217;il \u0153uvrera \u00e0 consolider et d\u00e9velopper vers des horizons plus larges, notamment dans les domaines \u00e9conomique et commercial.<\/p>\n<p>L&#8217;ambassadeur, qui arrive en Mauritanie pour la premi\u00e8re fois, a dit avoir remarqu\u00e9 le succ\u00e8s de la Mauritanie dans la r\u00e9forme, le d\u00e9veloppement et l&#8217;ouverture de son \u00e9conomie et sa capacit\u00e9 \u00e0 accomplir de grandes r\u00e9alisations.<\/p>\n<p>La c\u00e9r\u00e9monie de remise des lettres de cr\u00e9ance s&#8217;est d\u00e9roul\u00e9e en pr\u00e9sence de MM:<\/p>\n<p>&#8211; Mohamed Salem Ould Merzoug, ministre des Affaires \u00e9trang\u00e8res, de la Coop\u00e9ration et des Mauritaniens de l&#8217;ext\u00e9rieur,<\/p>\n<p>&#8211; Ismail Ould Cheikh Ahmed, directeur de Cabinet du Pr\u00e9sident de la R\u00e9publique ;<\/p>\n<p>&#8211; Harouna Traor\u00e9, charg\u00e9 de mission \u00e0 la Pr\u00e9sidence de la R\u00e9publique ;<\/p>\n<p>&#8211; Mohamed El Hanchi El Kettab, ambassadeur, directeur g\u00e9n\u00e9ral de la coop\u00e9ration bilat\u00e9rale au minist\u00e8re des Affaires \u00e9trang\u00e8res, de la Coop\u00e9ration et des Mauritaniens de l&#8217;ext\u00e9rieur.<\/p>\n<\/div>\n<\/div>\n<\/div>\n","protected":false},"excerpt":{"rendered":"<p>Son Excellence Monsieur Mohamed Ould Cheikh El Ghazouani, Pr\u00e9sident de la R\u00e9publique, a re\u00e7u mardi au Palais pr\u00e9sidentiel \u00e0 Nouakchott, les lettres de cr\u00e9ance de Son Excellence Monsieur Mohamed Tatiq, en sa qualit\u00e9 d&#8217;ambassadeur Extraordinaire et pl\u00e9nipotentiaire de la R\u00e9publique Islamique du Pakistan, aupr\u00e8s de la R\u00e9publique Islamique de Mauritanie. Apr\u00e8s avoir re\u00e7u les lettres [&hellip;]<\/p>\n","protected":false},"author":8,"featured_media":207168,"comment_status":"open","ping_status":"open","sticky":false,"template":"","format":"standard","meta":{"footnotes":""},"categories":[63919,63957,25,63921,63926],"tags":[],"class_list":["post-207167","post","type-post","status-publish","format-standard","has-post-thumbnail","hentry","category-choix-du-redacteur","category-fil-dactualite","category-25","category-slider-afficher","category-slider-general"],"_links":{"self":[{"href":"https:\/\/ami.mr\/fr\/wp-json\/wp\/v2\/posts\/207167","targetHints":{"allow":["GET"]}}],"collection":[{"href":"https:\/\/ami.mr\/fr\/wp-json\/wp\/v2\/posts"}],"about":[{"href":"https:\/\/ami.mr\/fr\/wp-json\/wp\/v2\/types\/post"}],"author":[{"embeddable":true,"href":"https:\/\/ami.mr\/fr\/wp-json\/wp\/v2\/users\/8"}],"replies":[{"embeddable":true,"href":"https:\/\/ami.mr\/fr\/wp-json\/wp\/v2\/comments?post=207167"}],"version-history":[{"count":1,"href":"https:\/\/ami.mr\/fr\/wp-json\/wp\/v2\/posts\/207167\/revisions"}],"predecessor-version":[{"id":207169,"href":"https:\/\/ami.mr\/fr\/wp-json\/wp\/v2\/posts\/207167\/revisions\/207169"}],"wp:featuredmedia":[{"embeddable":true,"href":"https:\/\/ami.mr\/fr\/wp-json\/wp\/v2\/media\/207168"}],"wp:attachment":[{"href":"https:\/\/ami.mr\/fr\/wp-json\/wp\/v2\/media?parent=207167"}],"wp:term":[{"taxonomy":"category","embeddable":true,"href":"https:\/\/ami.mr\/fr\/wp-json\/wp\/v2\/categories?post=207167"},{"taxonomy":"post_tag","embeddable":true,"href":"https:\/\/ami.mr\/fr\/wp-json\/wp\/v2\/tags?post=207167"}],"curies":[{"name":"wp","href":"https:\/\/api.w.org\/{rel}","templated":true}]}}