{"id":207080,"date":"2022-10-03T19:59:38","date_gmt":"2022-10-03T19:59:38","guid":{"rendered":"https:\/\/ami.mr\/fr\/?p=207080"},"modified":"2022-10-03T19:59:38","modified_gmt":"2022-10-03T19:59:38","slug":"le-ministre-des-affaires-economiques-sentretient-avec-le-pdg-du-fonds-saoudien-pour-le-developpement","status":"publish","type":"post","link":"https:\/\/ami.mr\/fr\/archives\/207080","title":{"rendered":"Le ministre des Affaires \u00e9conomiques s&#8217;entretient avec le PDG du Fonds saoudien pour le d\u00e9veloppement"},"content":{"rendered":"<div class=\"row\"><\/div>\n<div class=\"row\">\n<div class=\"cell auto-size\">\n<div class=\"set-border bd-gray padding10 margin10 no-margin-right no-margin-left \" dir=\"ltr\">\n<p>Le ministre des Affaires \u00e9conomiques et de la Promotion des secteurs productifs, M. Ousmane Mamoudou Kane, a tenu, lundi \u00e0 Riyad, une s\u00e9ance d&#8217;entretiens avec le directeur g\u00e9n\u00e9ral du Fonds saoudien pour le d\u00e9veloppement, M. Sultan Al-Murshed, en marge du symposium organis\u00e9 par le minist\u00e8re saoudien des Finances en partenariat avec le Fonds mon\u00e9taire international sur les moyens de rem\u00e9dier \u00e0 l\u2019ins\u00e9curit\u00e9 alimentaire.<\/p>\n<p>Les entretiens ont \u00e9t\u00e9 consacr\u00e9s \u00e0 l&#8217;examen des relations de coop\u00e9ration entre notre pays et cette institution financi\u00e8re saoudienne et les deux parties ont \u00e9galement discut\u00e9 du portefeuille de projets financ\u00e9s par le Fonds saoudien dans notre pays et des moyens de renforcer, d\u00e9velopper et acc\u00e9l\u00e9rer leur mise en \u0153uvre.<\/p>\n<\/div>\n<\/div>\n<\/div>\n","protected":false},"excerpt":{"rendered":"<p>Le ministre des Affaires \u00e9conomiques et de la Promotion des secteurs productifs, M. Ousmane Mamoudou Kane, a tenu, lundi \u00e0 Riyad, une s\u00e9ance d&#8217;entretiens avec le directeur g\u00e9n\u00e9ral du Fonds saoudien pour le d\u00e9veloppement, M. Sultan Al-Murshed, en marge du symposium organis\u00e9 par le minist\u00e8re saoudien des Finances en partenariat avec le Fonds mon\u00e9taire international [&hellip;]<\/p>\n","protected":false},"author":18,"featured_media":207081,"comment_status":"open","ping_status":"open","sticky":false,"template":"","format":"standard","meta":{"footnotes":""},"categories":[63920,63919,63957],"tags":[],"class_list":["post-207080","post","type-post","status-publish","format-standard","has-post-thumbnail","hentry","category-a-la-une","category-choix-du-redacteur","category-fil-dactualite"],"_links":{"self":[{"href":"https:\/\/ami.mr\/fr\/wp-json\/wp\/v2\/posts\/207080","targetHints":{"allow":["GET"]}}],"collection":[{"href":"https:\/\/ami.mr\/fr\/wp-json\/wp\/v2\/posts"}],"about":[{"href":"https:\/\/ami.mr\/fr\/wp-json\/wp\/v2\/types\/post"}],"author":[{"embeddable":true,"href":"https:\/\/ami.mr\/fr\/wp-json\/wp\/v2\/users\/18"}],"replies":[{"embeddable":true,"href":"https:\/\/ami.mr\/fr\/wp-json\/wp\/v2\/comments?post=207080"}],"version-history":[{"count":1,"href":"https:\/\/ami.mr\/fr\/wp-json\/wp\/v2\/posts\/207080\/revisions"}],"predecessor-version":[{"id":207082,"href":"https:\/\/ami.mr\/fr\/wp-json\/wp\/v2\/posts\/207080\/revisions\/207082"}],"wp:featuredmedia":[{"embeddable":true,"href":"https:\/\/ami.mr\/fr\/wp-json\/wp\/v2\/media\/207081"}],"wp:attachment":[{"href":"https:\/\/ami.mr\/fr\/wp-json\/wp\/v2\/media?parent=207080"}],"wp:term":[{"taxonomy":"category","embeddable":true,"href":"https:\/\/ami.mr\/fr\/wp-json\/wp\/v2\/categories?post=207080"},{"taxonomy":"post_tag","embeddable":true,"href":"https:\/\/ami.mr\/fr\/wp-json\/wp\/v2\/tags?post=207080"}],"curies":[{"name":"wp","href":"https:\/\/api.w.org\/{rel}","templated":true}]}}