{"id":207074,"date":"2022-10-03T19:49:07","date_gmt":"2022-10-03T19:49:07","guid":{"rendered":"https:\/\/ami.mr\/fr\/?p=207074"},"modified":"2022-10-03T19:49:07","modified_gmt":"2022-10-03T19:49:07","slug":"le-ministre-de-la-defense-decore-des-officiers-egyptiens-au-terme-de-leur-mission-en-mauritanie","status":"publish","type":"post","link":"https:\/\/ami.mr\/fr\/archives\/207074","title":{"rendered":"Le ministre de la D\u00e9fense d\u00e9core des officiers \u00e9gyptiens au terme de leur mission en Mauritanie"},"content":{"rendered":"<div class=\"row\">\n<div class=\"cell auto-size padding20 no-padding-left no-padding-right no-padding-bottom flex-just-center\">\n<div class=\"bg-green fg-white padding10 margin10 block-shadow-error\"><\/div>\n<\/div>\n<\/div>\n<div class=\"row\">\n<div class=\"cell auto-size\">\n<div class=\"set-border bd-gray padding10 margin10 no-margin-right no-margin-left \" dir=\"ltr\">\n<p>Le ministre de la D\u00e9fense Nationale, M. Hanena Ould Sidi, a d\u00e9cor\u00e9 lundi soir au si\u00e8ge du minist\u00e8re \u00e0 Nouakchott, au nom de Son Excellence le Pr\u00e9sident de la R\u00e9publique, M. Mohamed Ould Cheikh El Ghazouani, de la m\u00e9daille de Chevalier de l&#8217;Ordre du m\u00e9rite national, six officiers \u00e9gyptiens, au terme de leur mission d&#8217;enseignement au Coll\u00e8ge de d\u00e9fense du G5 Sahel, au Complexe Mohamed ben Zayed des Hautes \u00e9tudes militaires de Nouakchott. Cette mission &#8211; la troisi\u00e8me du genre &#8211; est compos\u00e9e de six officiers sup\u00e9rieurs, qui ont pass\u00e9 une ann\u00e9e compl\u00e8te au coll\u00e8ge :<\/p>\n<p>&#8211; G\u00e9n\u00e9ral de Brigade Samir Mohamed Mohamed Abdel Fattah Dowider ;<\/p>\n<p>&#8211; G\u00e9n\u00e9ral de brigade, pilote Walid Mohamed Abd al-Salam Abd al-Ati ;<\/p>\n<p>&#8211; G\u00e9n\u00e9ral de brigade Shadi Abdullah Mahmoud Baraka ;<\/p>\n<p>&#8211; G\u00e9n\u00e9ral de brigade Khalifa Omar Abdul Malik Khalifa<\/p>\n<p>&#8211; Contre-amiral Walid Ismail Hassan Abdel Khaleq &#8211; G\u00e9n\u00e9ral de brigade Ibrahim Mohamed Fouad Mahdi Hanoun.<\/p>\n<p>Cette mission s&#8217;inscrit dans le cadre de la coop\u00e9ration militaire bilat\u00e9rale entre les Forces arm\u00e9es nationales et les Forces arm\u00e9es \u00e9gyptiennes, et constitue un apport qualitatif aux relations de coop\u00e9ration militaire entre les deux pays fr\u00e8res.<\/p>\n<p>La c\u00e9r\u00e9monie s&#8217;est d\u00e9roul\u00e9e en pr\u00e9sence du secr\u00e9taire g\u00e9n\u00e9ral du minist\u00e8re de la D\u00e9fense nationale, le g\u00e9n\u00e9ral de division Souleymane Ould Aboude, du g\u00e9n\u00e9ral de division, Brahim Vall Ould Cheibani, commandant du Coll\u00e8ge de d\u00e9fense du Groupe des Cinq au Sahel, et de SEM. Khaled Youssef, ambassadeur \u00e9gyptien accr\u00e9dit\u00e9 aupr\u00e8s de notre pays, et un certain nombre d\u2019officiers au minist\u00e8re de la D\u00e9fense nationale.<\/p>\n<\/div>\n<\/div>\n<\/div>\n","protected":false},"excerpt":{"rendered":"<p>Le ministre de la D\u00e9fense Nationale, M. Hanena Ould Sidi, a d\u00e9cor\u00e9 lundi soir au si\u00e8ge du minist\u00e8re \u00e0 Nouakchott, au nom de Son Excellence le Pr\u00e9sident de la R\u00e9publique, M. Mohamed Ould Cheikh El Ghazouani, de la m\u00e9daille de Chevalier de l&#8217;Ordre du m\u00e9rite national, six officiers \u00e9gyptiens, au terme de leur mission d&#8217;enseignement [&hellip;]<\/p>\n","protected":false},"author":18,"featured_media":207075,"comment_status":"open","ping_status":"open","sticky":false,"template":"","format":"standard","meta":{"footnotes":""},"categories":[63920,63919,63957],"tags":[],"class_list":["post-207074","post","type-post","status-publish","format-standard","has-post-thumbnail","hentry","category-a-la-une","category-choix-du-redacteur","category-fil-dactualite"],"_links":{"self":[{"href":"https:\/\/ami.mr\/fr\/wp-json\/wp\/v2\/posts\/207074","targetHints":{"allow":["GET"]}}],"collection":[{"href":"https:\/\/ami.mr\/fr\/wp-json\/wp\/v2\/posts"}],"about":[{"href":"https:\/\/ami.mr\/fr\/wp-json\/wp\/v2\/types\/post"}],"author":[{"embeddable":true,"href":"https:\/\/ami.mr\/fr\/wp-json\/wp\/v2\/users\/18"}],"replies":[{"embeddable":true,"href":"https:\/\/ami.mr\/fr\/wp-json\/wp\/v2\/comments?post=207074"}],"version-history":[{"count":1,"href":"https:\/\/ami.mr\/fr\/wp-json\/wp\/v2\/posts\/207074\/revisions"}],"predecessor-version":[{"id":207076,"href":"https:\/\/ami.mr\/fr\/wp-json\/wp\/v2\/posts\/207074\/revisions\/207076"}],"wp:featuredmedia":[{"embeddable":true,"href":"https:\/\/ami.mr\/fr\/wp-json\/wp\/v2\/media\/207075"}],"wp:attachment":[{"href":"https:\/\/ami.mr\/fr\/wp-json\/wp\/v2\/media?parent=207074"}],"wp:term":[{"taxonomy":"category","embeddable":true,"href":"https:\/\/ami.mr\/fr\/wp-json\/wp\/v2\/categories?post=207074"},{"taxonomy":"post_tag","embeddable":true,"href":"https:\/\/ami.mr\/fr\/wp-json\/wp\/v2\/tags?post=207074"}],"curies":[{"name":"wp","href":"https:\/\/api.w.org\/{rel}","templated":true}]}}