{"id":207019,"date":"2022-10-03T11:07:36","date_gmt":"2022-10-03T11:07:36","guid":{"rendered":"https:\/\/ami.mr\/fr\/?p=207019"},"modified":"2022-10-03T11:07:36","modified_gmt":"2022-10-03T11:07:36","slug":"le-president-de-la-republique-felicite-son-homologue-allemand-4","status":"publish","type":"post","link":"https:\/\/ami.mr\/fr\/archives\/207019","title":{"rendered":"Le Pr\u00e9sident de la R\u00e9publique f\u00e9licite son homologue allemand"},"content":{"rendered":"<p>Le pr\u00e9sident de la R\u00e9publique, Son Excellence Monsieur Mohamed Ould Cheikh El Ghazouani a adress\u00e9, vendredi, le message de f\u00e9licitations qui suit au Pr\u00e9sident allemand, Son Excellence Monsieur Frank-Walter Steinmeier, \u00e0 l\u2019occasion de la c\u00e9l\u00e9bration de la f\u00eate nationale de son pays.<\/p>\n<p>\u201d Excellence<\/p>\n<p>A l\u2019occasion de la c\u00e9l\u00e9bration de f\u00eate nationale de la R\u00e9publique f\u00e9d\u00e9rale d\u2019Allemagne, il m\u2019est agr\u00e9able de vous adresser mes chaleureuses f\u00e9licitations et mes meilleurs v\u0153ux de sant\u00e9 pour vous m\u00eame et plus de progr\u00e8s et de prosp\u00e9rit\u00e9 pour le peuple allemand ami.<\/p>\n<p>Je tiens \u00e0 vous renouveler notre d\u00e9sir de poursuivre les efforts visant \u00e0 renforcer et \u00e0 d\u00e9velopper les relations de coop\u00e9ration existant entre nos deux pays dans l\u2019int\u00e9r\u00eat de leurs deux peuples amis.<\/p>\n<p>Je vous prie d\u2019agr\u00e9er, excellence, l\u2019expression de ma tr\u00e8s haute consid\u00e9ration.<\/p>\n<p>Mohamed Ould Cheikh El Ghazouani<\/p>\n","protected":false},"excerpt":{"rendered":"<p>Le pr\u00e9sident de la R\u00e9publique, Son Excellence Monsieur Mohamed Ould Cheikh El Ghazouani a adress\u00e9, vendredi, le message de f\u00e9licitations qui suit au Pr\u00e9sident allemand, Son Excellence Monsieur Frank-Walter Steinmeier, \u00e0 l\u2019occasion de la c\u00e9l\u00e9bration de la f\u00eate nationale de son pays. \u201d Excellence A l\u2019occasion de la c\u00e9l\u00e9bration de f\u00eate nationale de la R\u00e9publique [&hellip;]<\/p>\n","protected":false},"author":10,"featured_media":207020,"comment_status":"open","ping_status":"open","sticky":false,"template":"","format":"standard","meta":{"footnotes":""},"categories":[63919,63957,63921,63927],"tags":[63991],"class_list":["post-207019","post","type-post","status-publish","format-standard","has-post-thumbnail","hentry","category-choix-du-redacteur","category-fil-dactualite","category-slider-afficher","category-slider-mauritanie","tag-activites-presidentielles"],"_links":{"self":[{"href":"https:\/\/ami.mr\/fr\/wp-json\/wp\/v2\/posts\/207019","targetHints":{"allow":["GET"]}}],"collection":[{"href":"https:\/\/ami.mr\/fr\/wp-json\/wp\/v2\/posts"}],"about":[{"href":"https:\/\/ami.mr\/fr\/wp-json\/wp\/v2\/types\/post"}],"author":[{"embeddable":true,"href":"https:\/\/ami.mr\/fr\/wp-json\/wp\/v2\/users\/10"}],"replies":[{"embeddable":true,"href":"https:\/\/ami.mr\/fr\/wp-json\/wp\/v2\/comments?post=207019"}],"version-history":[{"count":1,"href":"https:\/\/ami.mr\/fr\/wp-json\/wp\/v2\/posts\/207019\/revisions"}],"predecessor-version":[{"id":207021,"href":"https:\/\/ami.mr\/fr\/wp-json\/wp\/v2\/posts\/207019\/revisions\/207021"}],"wp:featuredmedia":[{"embeddable":true,"href":"https:\/\/ami.mr\/fr\/wp-json\/wp\/v2\/media\/207020"}],"wp:attachment":[{"href":"https:\/\/ami.mr\/fr\/wp-json\/wp\/v2\/media?parent=207019"}],"wp:term":[{"taxonomy":"category","embeddable":true,"href":"https:\/\/ami.mr\/fr\/wp-json\/wp\/v2\/categories?post=207019"},{"taxonomy":"post_tag","embeddable":true,"href":"https:\/\/ami.mr\/fr\/wp-json\/wp\/v2\/tags?post=207019"}],"curies":[{"name":"wp","href":"https:\/\/api.w.org\/{rel}","templated":true}]}}